
{"id":2951,"date":"2011-01-06T23:53:17","date_gmt":"2011-01-07T02:53:17","guid":{"rendered":"http:\/\/www.sudoestehoje.com.br\/novoportal\/?p=2951"},"modified":"2011-01-06T23:53:17","modified_gmt":"2011-01-07T02:53:17","slug":"vereadores-de-encruzilhada-vao-para-a-cadeia","status":"publish","type":"post","link":"https:\/\/www.sudoestehoje.com.br\/novoportal\/2011\/01\/06\/vereadores-de-encruzilhada-vao-para-a-cadeia\/","title":{"rendered":"VEREADORES DE ENCRUZILHADA V\u00c3O PARA A CADEIA"},"content":{"rendered":"<p style=\"text-align: center;\"><a href=\"http:\/\/www.blogdaresenhageral.com.br\/v1\/wp-content\/uploads\/Maria_Elisabete.jpg.jpg\"><img loading=\"lazy\" decoding=\"async\" title=\"Maria_Elisabete.jpg\" src=\"http:\/\/www.blogdaresenhageral.com.br\/v1\/wp-content\/uploads\/Maria_Elisabete.jpg-229x300.jpg\" alt=\"\" width=\"229\" height=\"300\" \/><\/a><\/p>\n<p style=\"text-align: center;\"><strong>Vereadora Maria Elizabete\u00a0\u00e9 acusada de tr\u00e1fego de menores<\/strong><\/p>\n<p>\u00a0<\/p>\n<p>ENCRUZILHADA: A vereadora Maria Elizabete de Abreu Rosa (PRP), 46 anos, resolveu se entregar a pol\u00edcia depois de meses foragida para evitar a pris\u00e3o preventiva solicitada pelo Minist\u00e9rio P\u00fablico Estadual (MPE). Ela \u00e9 acusada de aliciar m\u00e3es de rec\u00e9m-nascidos no distrito de Vila do Caf\u00e9, zona rural de Encruzilhada,\u00a0 para intermediar ado\u00e7\u00f5es ilegais.<\/p>\n<p>Na mesma delegacia est\u00e1 preso, desde 17 de junho, o vereador Gileno Alves dos Santos (PSDC). O vereador, acusado de homic\u00eddio qualificado, disparo de arma de fogo em local p\u00fablico e recepta\u00e7\u00e3o de produtos roubados, foi um dos primeiros a acusar a vereadora, em abril de 2009.<\/p>\n<p>Al\u00e9m dele, outro vereador, Roberto Virgens Moura (PT do B), em depoimento em Bras\u00edlia \u00e0 Comiss\u00e3o Parlamentar de Inqu\u00e9rito (CPI) sobre Desaparecimentos de Crian\u00e7as e Adolescentes, afirmou que as fam\u00edlias recebiam valores que variavam de R$ 100 a R$ 400 para doar o beb\u00ea.<\/p>\n<p>A pris\u00e3o preventiva da vereadora foi solicitada pelo promotor da Comarca de Encruzilhada, M\u00e1rcio de Oliveira Neves, e expedida pela ju\u00edza, \u00c1dida Alves dos Santos, em maio do ano passado. A Tarde<\/p>\n","protected":false},"excerpt":{"rendered":"<p>Vereadora Maria Elizabete\u00a0\u00e9 acusada de tr\u00e1fego de menores \u00a0 ENCRUZILHADA: A vereadora Maria Elizabete de Abreu Rosa (PRP), 46 anos, resolveu se entregar a pol\u00edcia depois de meses foragida para evitar a pris\u00e3o preventiva solicitada pelo Minist\u00e9rio P\u00fablico Estadual (MPE). Ela \u00e9 acusada de aliciar m\u00e3es de rec\u00e9m-nascidos no distrito de Vila do Caf\u00e9, zona [&hellip;]<\/p>\n","protected":false},"author":2,"featured_media":0,"comment_status":"open","ping_status":"open","sticky":false,"template":"","format":"standard","meta":{"footnotes":"","_links_to":"","_links_to_target":""},"categories":[1],"tags":[],"class_list":["post-2951","post","type-post","status-publish","format-standard","hentry","category-geral"],"views":1280,"_links":{"self":[{"href":"https:\/\/www.sudoestehoje.com.br\/novoportal\/wp-json\/wp\/v2\/posts\/2951","targetHints":{"allow":["GET"]}}],"collection":[{"href":"https:\/\/www.sudoestehoje.com.br\/novoportal\/wp-json\/wp\/v2\/posts"}],"about":[{"href":"https:\/\/www.sudoestehoje.com.br\/novoportal\/wp-json\/wp\/v2\/types\/post"}],"author":[{"embeddable":true,"href":"https:\/\/www.sudoestehoje.com.br\/novoportal\/wp-json\/wp\/v2\/users\/2"}],"replies":[{"embeddable":true,"href":"https:\/\/www.sudoestehoje.com.br\/novoportal\/wp-json\/wp\/v2\/comments?post=2951"}],"version-history":[{"count":2,"href":"https:\/\/www.sudoestehoje.com.br\/novoportal\/wp-json\/wp\/v2\/posts\/2951\/revisions"}],"predecessor-version":[{"id":2953,"href":"https:\/\/www.sudoestehoje.com.br\/novoportal\/wp-json\/wp\/v2\/posts\/2951\/revisions\/2953"}],"wp:attachment":[{"href":"https:\/\/www.sudoestehoje.com.br\/novoportal\/wp-json\/wp\/v2\/media?parent=2951"}],"wp:term":[{"taxonomy":"category","embeddable":true,"href":"https:\/\/www.sudoestehoje.com.br\/novoportal\/wp-json\/wp\/v2\/categories?post=2951"},{"taxonomy":"post_tag","embeddable":true,"href":"https:\/\/www.sudoestehoje.com.br\/novoportal\/wp-json\/wp\/v2\/tags?post=2951"}],"curies":[{"name":"wp","href":"https:\/\/api.w.org\/{rel}","templated":true}]}}