
{"id":29487,"date":"2013-08-12T18:36:36","date_gmt":"2013-08-12T21:36:36","guid":{"rendered":"http:\/\/www.sudoestehoje.com.br\/novoportal\/?p=29487"},"modified":"2013-08-12T18:43:37","modified_gmt":"2013-08-12T21:43:37","slug":"assaltantes-de-banco-em-barra-da-estiva-queimam-carros-na-fuga","status":"publish","type":"post","link":"https:\/\/www.sudoestehoje.com.br\/novoportal\/2013\/08\/12\/assaltantes-de-banco-em-barra-da-estiva-queimam-carros-na-fuga\/","title":{"rendered":"ASSALTANTES DE BANCOS EM BARRA DA ESTIVA QUEIMAM CARROS NA FUGA"},"content":{"rendered":"<p style=\"text-align: center;\"><a href=\"http:\/\/www.sudoestehoje.com.br\/novoportal\/wp-content\/uploads\/2013\/08\/carro-queimado.jpg\"><img decoding=\"async\" class=\"aligncenter  wp-image-29488\" alt=\"carro queimado\" src=\"http:\/\/www.sudoestehoje.com.br\/novoportal\/wp-content\/uploads\/2013\/08\/carro-queimado.jpg\" width=\"500\" \/><\/a><\/p>\n<p>&nbsp;<\/p>\n<p>BARRA DA ESTIVA:\u00a0Cerca de vinte homens armados assaltaram as ag\u00eancias do Banco do Brasil e da Caixa Econ\u00f4mica Federal na manh\u00e3 desta segunda-feira (12), em Barra da Estiva.\u00a0Em nota, o Sindicato dos Banc\u00e1rios da Bahia afirma que gerentes e vigilantes foram levados como ref\u00e9ns e liberados em seguida pelos assaltantes. Segundo a pol\u00edcia, o grupo estava fortemente armado e chegou a cidade em tr\u00eas ve\u00edculos. At\u00e9 o meio dia ningu\u00e9m havia sido preso.<\/p>\n<p>Os tr\u00eas ve\u00edculos utilizados pelos bandidos que assaltaram as ag\u00eancias do Banco do Brasil e da Caixa Econ\u00f4mica Federal na manh\u00e3 desta segunda-feira (12), em Barra da Estiva, no Sudoeste Baiano, foram incendiados numa estrada vicinal.<\/p>\n<p>Gerentes e vigilantes foram levados como ref\u00e9ns e liberados em seguida pelos bandidos. O valor da quantia levada n\u00e3o foi informado. N\u00e3o h\u00e1 pista dos assaltantes. Blog do Anderson<\/p>\n","protected":false},"excerpt":{"rendered":"<p>&nbsp; BARRA DA ESTIVA:\u00a0Cerca de vinte homens armados assaltaram as ag\u00eancias do Banco do Brasil e da Caixa Econ\u00f4mica Federal na manh\u00e3 desta segunda-feira (12), em Barra da Estiva.\u00a0Em nota, o Sindicato dos Banc\u00e1rios da Bahia afirma que gerentes e vigilantes foram levados como ref\u00e9ns e liberados em seguida pelos assaltantes. Segundo a pol\u00edcia, o [&hellip;]<\/p>\n","protected":false},"author":2,"featured_media":0,"comment_status":"open","ping_status":"open","sticky":false,"template":"","format":"standard","meta":{"footnotes":"","_links_to":"","_links_to_target":""},"categories":[1],"tags":[],"class_list":["post-29487","post","type-post","status-publish","format-standard","hentry","category-geral"],"views":3806,"_links":{"self":[{"href":"https:\/\/www.sudoestehoje.com.br\/novoportal\/wp-json\/wp\/v2\/posts\/29487","targetHints":{"allow":["GET"]}}],"collection":[{"href":"https:\/\/www.sudoestehoje.com.br\/novoportal\/wp-json\/wp\/v2\/posts"}],"about":[{"href":"https:\/\/www.sudoestehoje.com.br\/novoportal\/wp-json\/wp\/v2\/types\/post"}],"author":[{"embeddable":true,"href":"https:\/\/www.sudoestehoje.com.br\/novoportal\/wp-json\/wp\/v2\/users\/2"}],"replies":[{"embeddable":true,"href":"https:\/\/www.sudoestehoje.com.br\/novoportal\/wp-json\/wp\/v2\/comments?post=29487"}],"version-history":[{"count":4,"href":"https:\/\/www.sudoestehoje.com.br\/novoportal\/wp-json\/wp\/v2\/posts\/29487\/revisions"}],"predecessor-version":[{"id":29491,"href":"https:\/\/www.sudoestehoje.com.br\/novoportal\/wp-json\/wp\/v2\/posts\/29487\/revisions\/29491"}],"wp:attachment":[{"href":"https:\/\/www.sudoestehoje.com.br\/novoportal\/wp-json\/wp\/v2\/media?parent=29487"}],"wp:term":[{"taxonomy":"category","embeddable":true,"href":"https:\/\/www.sudoestehoje.com.br\/novoportal\/wp-json\/wp\/v2\/categories?post=29487"},{"taxonomy":"post_tag","embeddable":true,"href":"https:\/\/www.sudoestehoje.com.br\/novoportal\/wp-json\/wp\/v2\/tags?post=29487"}],"curies":[{"name":"wp","href":"https:\/\/api.w.org\/{rel}","templated":true}]}}