
{"id":29484,"date":"2013-08-12T18:11:25","date_gmt":"2013-08-12T21:11:25","guid":{"rendered":"http:\/\/www.sudoestehoje.com.br\/novoportal\/?p=29484"},"modified":"2013-08-12T18:11:25","modified_gmt":"2013-08-12T21:11:25","slug":"heraldo-rocha-pede-a-wagner-para-descer-do-helicoptero","status":"publish","type":"post","link":"https:\/\/www.sudoestehoje.com.br\/novoportal\/2013\/08\/12\/heraldo-rocha-pede-a-wagner-para-descer-do-helicoptero\/","title":{"rendered":"HERALDO ROCHA PEDE A WAGNER PARA DESCER DO HELIC\u00d3PTERO"},"content":{"rendered":"<p><a href=\"http:\/\/www.sudoestehoje.com.br\/novoportal\/wp-content\/uploads\/2013\/07\/GEDC0557.jpg\"><img loading=\"lazy\" decoding=\"async\" class=\"aligncenter size-medium wp-image-28864\" alt=\"GEDSC DIGITAL CAMERA\" src=\"http:\/\/www.sudoestehoje.com.br\/novoportal\/wp-content\/uploads\/2013\/07\/GEDC0557-500x375.jpg\" width=\"500\" height=\"375\" srcset=\"https:\/\/www.sudoestehoje.com.br\/novoportal\/wp-content\/uploads\/2013\/07\/GEDC0557-500x375.jpg 500w, https:\/\/www.sudoestehoje.com.br\/novoportal\/wp-content\/uploads\/2013\/07\/GEDC0557.jpg 640w\" sizes=\"auto, (max-width: 500px) 100vw, 500px\" \/><\/a><\/p>\n<p style=\"text-align: center;\"><em>Foto exclusiva Sudoeste Hoje<\/em><\/p>\n<p>&nbsp;<\/p>\n<p>\u201cDes\u00e7a do helic\u00f3ptero, Wagner, e tome p\u00e9 da calamitosa situa\u00e7\u00e3o em que se encontra a seguran\u00e7a p\u00fablica em nossa outrora tranquila Bahia\u201d, clama o vice-presidente estadual do Democratas, Heraldo Rocha. A banaliza\u00e7\u00e3o da criminalidade no estado indigna o ex-deputado estadual. \u201cA morte brutal da servidora p\u00fablica Selma Barbosa \u00e9 mais um caso que consterna toda a sociedade baiana. Mesmo sem oferecer resist\u00eancia aos assaltantes que roubaram seu carro, ela foi friamente assassinada. Com a impunidade vigente, os criminosos n\u00e3o t\u00eam mais limites na Bahia\u201d, afirma Rocha.<\/p>\n<p>O dirigente democrata defende a toler\u00e2ncia zero com os bandidos, que est\u00e3o transformando a Bahia num inferno. \u201c\u00c9 caixa eletr\u00f4nico bombardeado, banco arrombado na marreta, invas\u00e3o indiscriminada de resid\u00eancias, milhares de assassinatos mensais e o governo est\u00e1 comemorando estat\u00edstica. Des\u00e7a do helic\u00f3ptero, Wagner!\u201d.<\/p>\n","protected":false},"excerpt":{"rendered":"<p>Foto exclusiva Sudoeste Hoje &nbsp; \u201cDes\u00e7a do helic\u00f3ptero, Wagner, e tome p\u00e9 da calamitosa situa\u00e7\u00e3o em que se encontra a seguran\u00e7a p\u00fablica em nossa outrora tranquila Bahia\u201d, clama o vice-presidente estadual do Democratas, Heraldo Rocha. A banaliza\u00e7\u00e3o da criminalidade no estado indigna o ex-deputado estadual. \u201cA morte brutal da servidora p\u00fablica Selma Barbosa \u00e9 mais [&hellip;]<\/p>\n","protected":false},"author":2,"featured_media":0,"comment_status":"open","ping_status":"open","sticky":false,"template":"","format":"standard","meta":{"footnotes":"","_links_to":"","_links_to_target":""},"categories":[1],"tags":[],"class_list":["post-29484","post","type-post","status-publish","format-standard","hentry","category-geral"],"views":1416,"_links":{"self":[{"href":"https:\/\/www.sudoestehoje.com.br\/novoportal\/wp-json\/wp\/v2\/posts\/29484","targetHints":{"allow":["GET"]}}],"collection":[{"href":"https:\/\/www.sudoestehoje.com.br\/novoportal\/wp-json\/wp\/v2\/posts"}],"about":[{"href":"https:\/\/www.sudoestehoje.com.br\/novoportal\/wp-json\/wp\/v2\/types\/post"}],"author":[{"embeddable":true,"href":"https:\/\/www.sudoestehoje.com.br\/novoportal\/wp-json\/wp\/v2\/users\/2"}],"replies":[{"embeddable":true,"href":"https:\/\/www.sudoestehoje.com.br\/novoportal\/wp-json\/wp\/v2\/comments?post=29484"}],"version-history":[{"count":2,"href":"https:\/\/www.sudoestehoje.com.br\/novoportal\/wp-json\/wp\/v2\/posts\/29484\/revisions"}],"predecessor-version":[{"id":29486,"href":"https:\/\/www.sudoestehoje.com.br\/novoportal\/wp-json\/wp\/v2\/posts\/29484\/revisions\/29486"}],"wp:attachment":[{"href":"https:\/\/www.sudoestehoje.com.br\/novoportal\/wp-json\/wp\/v2\/media?parent=29484"}],"wp:term":[{"taxonomy":"category","embeddable":true,"href":"https:\/\/www.sudoestehoje.com.br\/novoportal\/wp-json\/wp\/v2\/categories?post=29484"},{"taxonomy":"post_tag","embeddable":true,"href":"https:\/\/www.sudoestehoje.com.br\/novoportal\/wp-json\/wp\/v2\/tags?post=29484"}],"curies":[{"name":"wp","href":"https:\/\/api.w.org\/{rel}","templated":true}]}}