
{"id":29470,"date":"2013-08-11T22:07:21","date_gmt":"2013-08-12T01:07:21","guid":{"rendered":"http:\/\/www.sudoestehoje.com.br\/novoportal\/?p=29470"},"modified":"2013-08-11T23:21:51","modified_gmt":"2013-08-12T02:21:51","slug":"itapetinga-estreia-no-intermunicipal-perdendo-para-itambe-por-2x1","status":"publish","type":"post","link":"https:\/\/www.sudoestehoje.com.br\/novoportal\/2013\/08\/11\/itapetinga-estreia-no-intermunicipal-perdendo-para-itambe-por-2x1\/","title":{"rendered":"ITAPETINGA ESTR\u00c9IA NO INTERMUNICIPAL PERDENDO PARA ITAMB\u00c9 POR 2X1"},"content":{"rendered":"<p><a href=\"http:\/\/www.sudoestehoje.com.br\/novoportal\/wp-content\/uploads\/2013\/08\/INTERMUNICIPAL-2013.jpg\"><img loading=\"lazy\" decoding=\"async\" class=\"aligncenter size-medium wp-image-29471\" alt=\"INTERMUNICIPAL-2013\" src=\"http:\/\/www.sudoestehoje.com.br\/novoportal\/wp-content\/uploads\/2013\/08\/INTERMUNICIPAL-2013-500x375.jpg\" width=\"500\" height=\"375\" srcset=\"https:\/\/www.sudoestehoje.com.br\/novoportal\/wp-content\/uploads\/2013\/08\/INTERMUNICIPAL-2013-500x375.jpg 500w, https:\/\/www.sudoestehoje.com.br\/novoportal\/wp-content\/uploads\/2013\/08\/INTERMUNICIPAL-2013.jpg 504w\" sizes=\"auto, (max-width: 500px) 100vw, 500px\" \/><\/a><\/p>\n<p>&nbsp;<\/p>\n<p>Na sua estr\u00e9ia no Campeonato Intermunicipal 2013, a sele\u00e7\u00e3o de Itapetinga acabou decepcionando a sua torcida, perdendo para a sele\u00e7\u00e3o de Itamb\u00e9 pelo placar de 2X1, no Eat\u00e1dio Os\u00f3rio Ferraz. O selecionado de Itapetinga saiu\u00a0na frente no placar, marcando aos 30 minutos da primeira etapa, mas acabou permitindo o empate, ainda no primeiro tempo. No in\u00edcio da 2\u00aa etapa, a sele\u00e7\u00e3o de Itamb\u00e9 \u00a0pressionou e marcou o segundo gol, conseguindo segurar o resultado at\u00e9 o final.<\/p>\n<p>Na outra partida do grupo, a sele\u00e7\u00e3o de Vit\u00f3ria da Conquista foi surpreendida pelo selecionado de Firmino Alves, no Est\u00e1dio Primavera em Itapetinga, ao ser goleada pelo placar de 4X1.<\/p>\n<p>Confira a tabela e os resultados de todos os jogos do Intermunicipal, no link da Federa\u00e7\u00e3o Baiana de Futebol:<\/p>\n<p><a href=\"http:\/\/www.fbfweb.org\/index.php?menu=classificacao&amp;tabelaCod=27\">http:\/\/www.fbfweb.org\/index.php?menu=classificacao&amp;tabelaCod=27<\/a><\/p>\n","protected":false},"excerpt":{"rendered":"<p>&nbsp; Na sua estr\u00e9ia no Campeonato Intermunicipal 2013, a sele\u00e7\u00e3o de Itapetinga acabou decepcionando a sua torcida, perdendo para a sele\u00e7\u00e3o de Itamb\u00e9 pelo placar de 2X1, no Eat\u00e1dio Os\u00f3rio Ferraz. O selecionado de Itapetinga saiu\u00a0na frente no placar, marcando aos 30 minutos da primeira etapa, mas acabou permitindo o empate, ainda no primeiro tempo. [&hellip;]<\/p>\n","protected":false},"author":2,"featured_media":0,"comment_status":"open","ping_status":"open","sticky":false,"template":"","format":"standard","meta":{"footnotes":"","_links_to":"","_links_to_target":""},"categories":[1],"tags":[],"class_list":["post-29470","post","type-post","status-publish","format-standard","hentry","category-geral"],"views":1203,"_links":{"self":[{"href":"https:\/\/www.sudoestehoje.com.br\/novoportal\/wp-json\/wp\/v2\/posts\/29470","targetHints":{"allow":["GET"]}}],"collection":[{"href":"https:\/\/www.sudoestehoje.com.br\/novoportal\/wp-json\/wp\/v2\/posts"}],"about":[{"href":"https:\/\/www.sudoestehoje.com.br\/novoportal\/wp-json\/wp\/v2\/types\/post"}],"author":[{"embeddable":true,"href":"https:\/\/www.sudoestehoje.com.br\/novoportal\/wp-json\/wp\/v2\/users\/2"}],"replies":[{"embeddable":true,"href":"https:\/\/www.sudoestehoje.com.br\/novoportal\/wp-json\/wp\/v2\/comments?post=29470"}],"version-history":[{"count":5,"href":"https:\/\/www.sudoestehoje.com.br\/novoportal\/wp-json\/wp\/v2\/posts\/29470\/revisions"}],"predecessor-version":[{"id":29474,"href":"https:\/\/www.sudoestehoje.com.br\/novoportal\/wp-json\/wp\/v2\/posts\/29470\/revisions\/29474"}],"wp:attachment":[{"href":"https:\/\/www.sudoestehoje.com.br\/novoportal\/wp-json\/wp\/v2\/media?parent=29470"}],"wp:term":[{"taxonomy":"category","embeddable":true,"href":"https:\/\/www.sudoestehoje.com.br\/novoportal\/wp-json\/wp\/v2\/categories?post=29470"},{"taxonomy":"post_tag","embeddable":true,"href":"https:\/\/www.sudoestehoje.com.br\/novoportal\/wp-json\/wp\/v2\/tags?post=29470"}],"curies":[{"name":"wp","href":"https:\/\/api.w.org\/{rel}","templated":true}]}}