
{"id":29457,"date":"2013-08-11T13:24:47","date_gmt":"2013-08-11T16:24:47","guid":{"rendered":"http:\/\/www.sudoestehoje.com.br\/novoportal\/?p=29457"},"modified":"2013-08-11T13:36:36","modified_gmt":"2013-08-11T16:36:36","slug":"29457","status":"publish","type":"post","link":"https:\/\/www.sudoestehoje.com.br\/novoportal\/2013\/08\/11\/29457\/","title":{"rendered":"DERBA INSTALA REDUTORES DE VELOCIDADE NA RODOVIA BA-263"},"content":{"rendered":"<div id=\"attachment_29458\" style=\"width: 510px\" class=\"wp-caption aligncenter\"><a href=\"http:\/\/www.sudoestehoje.com.br\/novoportal\/wp-content\/uploads\/2013\/08\/redutores-conquista.jpg\"><img decoding=\"async\" aria-describedby=\"caption-attachment-29458\" class=\" wp-image-29458 \" alt=\"mmm\" src=\"http:\/\/www.sudoestehoje.com.br\/novoportal\/wp-content\/uploads\/2013\/08\/redutores-conquista.jpg\" width=\"500\" \/><\/a><p id=\"caption-attachment-29458\" class=\"wp-caption-text\">Redutores foram instalados na regi\u00e3o dos povoados da Limeira e Capinal, zona rural de Vit\u00f3ria da Conquista (foto Rodrigo Ferraz)<\/p><\/div>\n<p>&nbsp;<\/p>\n<p><strong><\/strong>Desde a \u00faltima semana o Departamento de Infraestrutura de Transportes da Bahia (Derba) instalou seis novos quebra-molas na BA-263, trecho da estrada que liga Vit\u00f3ria da Conquista a Itamb\u00e9.<\/p>\n<p>Os redutores foram colocados antes da Serra do Mar\u00e7al no intuito de garantir a seguran\u00e7a aos moradores dos povoados da Limeira e Capinal.<\/p>\n<p>O trecho registra um grande n\u00famero de pedestres devido as escolas e estabelecimentos comerciais que existem \u00e0s margens da rodovia.<\/p>\n<p><strong><em>Blog do Rodrigo Ferraz<\/em><\/strong><\/p>\n","protected":false},"excerpt":{"rendered":"<p>&nbsp; Desde a \u00faltima semana o Departamento de Infraestrutura de Transportes da Bahia (Derba) instalou seis novos quebra-molas na BA-263, trecho da estrada que liga Vit\u00f3ria da Conquista a Itamb\u00e9. Os redutores foram colocados antes da Serra do Mar\u00e7al no intuito de garantir a seguran\u00e7a aos moradores dos povoados da Limeira e Capinal. O trecho [&hellip;]<\/p>\n","protected":false},"author":2,"featured_media":0,"comment_status":"open","ping_status":"open","sticky":false,"template":"","format":"standard","meta":{"footnotes":"","_links_to":"","_links_to_target":""},"categories":[1],"tags":[],"class_list":["post-29457","post","type-post","status-publish","format-standard","hentry","category-geral"],"views":1406,"_links":{"self":[{"href":"https:\/\/www.sudoestehoje.com.br\/novoportal\/wp-json\/wp\/v2\/posts\/29457","targetHints":{"allow":["GET"]}}],"collection":[{"href":"https:\/\/www.sudoestehoje.com.br\/novoportal\/wp-json\/wp\/v2\/posts"}],"about":[{"href":"https:\/\/www.sudoestehoje.com.br\/novoportal\/wp-json\/wp\/v2\/types\/post"}],"author":[{"embeddable":true,"href":"https:\/\/www.sudoestehoje.com.br\/novoportal\/wp-json\/wp\/v2\/users\/2"}],"replies":[{"embeddable":true,"href":"https:\/\/www.sudoestehoje.com.br\/novoportal\/wp-json\/wp\/v2\/comments?post=29457"}],"version-history":[{"count":3,"href":"https:\/\/www.sudoestehoje.com.br\/novoportal\/wp-json\/wp\/v2\/posts\/29457\/revisions"}],"predecessor-version":[{"id":29460,"href":"https:\/\/www.sudoestehoje.com.br\/novoportal\/wp-json\/wp\/v2\/posts\/29457\/revisions\/29460"}],"wp:attachment":[{"href":"https:\/\/www.sudoestehoje.com.br\/novoportal\/wp-json\/wp\/v2\/media?parent=29457"}],"wp:term":[{"taxonomy":"category","embeddable":true,"href":"https:\/\/www.sudoestehoje.com.br\/novoportal\/wp-json\/wp\/v2\/categories?post=29457"},{"taxonomy":"post_tag","embeddable":true,"href":"https:\/\/www.sudoestehoje.com.br\/novoportal\/wp-json\/wp\/v2\/tags?post=29457"}],"curies":[{"name":"wp","href":"https:\/\/api.w.org\/{rel}","templated":true}]}}