
{"id":29451,"date":"2013-08-12T00:21:17","date_gmt":"2013-08-12T03:21:17","guid":{"rendered":"http:\/\/www.sudoestehoje.com.br\/novoportal\/?p=29451"},"modified":"2013-08-12T00:22:18","modified_gmt":"2013-08-12T03:22:18","slug":"justica-eleitoral-remarca-audiencia-no-processo-de-cassacao-de-ze-carlos","status":"publish","type":"post","link":"https:\/\/www.sudoestehoje.com.br\/novoportal\/2013\/08\/12\/justica-eleitoral-remarca-audiencia-no-processo-de-cassacao-de-ze-carlos\/","title":{"rendered":"AUDI\u00caNCIA DO PROCESSO DE CASSA\u00c7\u00c3O DE Z\u00c9 CARLOS E AL\u00c9CIO SER\u00c1 NO DIA 19"},"content":{"rendered":"<p style=\"text-align: center;\"><a href=\"http:\/\/www.sudoestehoje.com.br\/novoportal\/wp-content\/uploads\/2013\/08\/p-elefantinho.jpg\"><img decoding=\"async\" class=\"aligncenter  wp-image-29453\" alt=\"p elefantinho\" src=\"http:\/\/www.sudoestehoje.com.br\/novoportal\/wp-content\/uploads\/2013\/08\/p-elefantinho.jpg\" width=\"500\" \/><\/a><\/p>\n<p style=\"text-align: center;\"><em>Distribui\u00e7\u00e3o de gasolina em carreata foi flagrada pelo MP e Juiza Eleitoral<\/em><\/p>\n<p>&nbsp;<\/p>\n<p>ITAPETINGA: De acordo com publica\u00e7\u00e3o no Di\u00e1rio Oficial da Justi\u00e7a Eleitoral, a audi\u00eancia de instru\u00e7\u00e3o e julgamento referente \u00e0 A\u00e7\u00e3o de Investiga\u00e7\u00e3o Judicial Eleitoral (AIJE) movida pela peemedebista K\u00e1tia Espinheira contra o prefeito Jos\u00e9 Carlos Moura e seu vice Al\u00e9cio Chaves, foi remarcada para o dia 19 de agosto (segunda-feira), a partir das 09h.<\/p>\n<p>A audi\u00eancia, que deveria ter ocorrido em 18 de julho passado, foi inexplicavelmente adiada a pedido da parte autora, com a concord\u00e2ncia \u00f3bvia da parte r\u00e9, sob a alega\u00e7\u00e3o de que o advogado da peemedebista n\u00e3o poderia comparecer na data prevista, o que deixou grande parte da popula\u00e7\u00e3o frustrada e desconfiada, diante da expectativa que o processo eleitoral vem causando no eleitorado local.<\/p>\n<p>Segundo informa\u00e7\u00f5es que correm nos bastidores pol\u00edticos locais, as partes j\u00e1 teriam sido intimadas da nova data da audi\u00eancia, mas ningu\u00e9m quer se pronunciar sobre o assunto, sob o argumento de que o processo corre em &#8216;segredo de justi\u00e7a&#8217; e que a divulga\u00e7\u00e3o poderia vir a &#8216;atrapalhar&#8217; o seu bom andamento.<\/p>\n<p>De fato, o conte\u00fado do processo corre em segredo de justi\u00e7a, devendo ser preservado, por for\u00e7a da lei, mas a divulga\u00e7\u00e3o das datas das audi\u00eancias n\u00e3o podem correr em segredo, at\u00e9 porque muitas pessoas est\u00e3o envolvidas no processo, como autores e r\u00e9us, testemunhas, advogados, e as informa\u00e7\u00f5es acabam vazando.<\/p>\n<p>Na a\u00e7\u00e3o, a peemedebista pede a cassa\u00e7\u00e3o dos diplomas do prefeito Z\u00e9 Carlos e seu vice, sob a graves acusa\u00e7\u00f5es de capta\u00e7\u00e3o ilegal de sufr\u00e1gio, abuso do poder econ\u00f4mico e outros il\u00edcitos eleitorais, fartamente denunciados e documentados pela imprensa local e partidos de oposi\u00e7\u00e3o, durante o pleito de 2012.<\/p>\n<p>Ainda n\u00e3o h\u00e1 confirma\u00e7\u00e3o de que alguma manifesta\u00e7\u00e3o possa vir acontecer em frente ao f\u00f3rum, no dia da audi\u00eancia (19 de agosto), como estava previsto para a data anterior (18 de julho), antes do pedido de adiamento.<\/p>\n<p>A popula\u00e7\u00e3o espera, que desta vez, a nossa &#8216;brava oposi\u00e7\u00e3o&#8217; n\u00e3o volte a &#8216;morder a corda&#8217;.<\/p>\n<p><strong><em>Por Davi Ferraz<\/em><\/strong><\/p>\n","protected":false},"excerpt":{"rendered":"<p>Distribui\u00e7\u00e3o de gasolina em carreata foi flagrada pelo MP e Juiza Eleitoral &nbsp; ITAPETINGA: De acordo com publica\u00e7\u00e3o no Di\u00e1rio Oficial da Justi\u00e7a Eleitoral, a audi\u00eancia de instru\u00e7\u00e3o e julgamento referente \u00e0 A\u00e7\u00e3o de Investiga\u00e7\u00e3o Judicial Eleitoral (AIJE) movida pela peemedebista K\u00e1tia Espinheira contra o prefeito Jos\u00e9 Carlos Moura e seu vice Al\u00e9cio Chaves, foi [&hellip;]<\/p>\n","protected":false},"author":2,"featured_media":0,"comment_status":"open","ping_status":"open","sticky":false,"template":"","format":"standard","meta":{"footnotes":"","_links_to":"","_links_to_target":""},"categories":[1],"tags":[],"class_list":["post-29451","post","type-post","status-publish","format-standard","hentry","category-geral"],"views":1353,"_links":{"self":[{"href":"https:\/\/www.sudoestehoje.com.br\/novoportal\/wp-json\/wp\/v2\/posts\/29451","targetHints":{"allow":["GET"]}}],"collection":[{"href":"https:\/\/www.sudoestehoje.com.br\/novoportal\/wp-json\/wp\/v2\/posts"}],"about":[{"href":"https:\/\/www.sudoestehoje.com.br\/novoportal\/wp-json\/wp\/v2\/types\/post"}],"author":[{"embeddable":true,"href":"https:\/\/www.sudoestehoje.com.br\/novoportal\/wp-json\/wp\/v2\/users\/2"}],"replies":[{"embeddable":true,"href":"https:\/\/www.sudoestehoje.com.br\/novoportal\/wp-json\/wp\/v2\/comments?post=29451"}],"version-history":[{"count":6,"href":"https:\/\/www.sudoestehoje.com.br\/novoportal\/wp-json\/wp\/v2\/posts\/29451\/revisions"}],"predecessor-version":[{"id":29478,"href":"https:\/\/www.sudoestehoje.com.br\/novoportal\/wp-json\/wp\/v2\/posts\/29451\/revisions\/29478"}],"wp:attachment":[{"href":"https:\/\/www.sudoestehoje.com.br\/novoportal\/wp-json\/wp\/v2\/media?parent=29451"}],"wp:term":[{"taxonomy":"category","embeddable":true,"href":"https:\/\/www.sudoestehoje.com.br\/novoportal\/wp-json\/wp\/v2\/categories?post=29451"},{"taxonomy":"post_tag","embeddable":true,"href":"https:\/\/www.sudoestehoje.com.br\/novoportal\/wp-json\/wp\/v2\/tags?post=29451"}],"curies":[{"name":"wp","href":"https:\/\/api.w.org\/{rel}","templated":true}]}}