
{"id":2943,"date":"2011-01-06T10:37:25","date_gmt":"2011-01-06T13:37:25","guid":{"rendered":"http:\/\/www.sudoestehoje.com.br\/novoportal\/?p=2943"},"modified":"2011-01-06T10:37:25","modified_gmt":"2011-01-06T13:37:25","slug":"especulation","status":"publish","type":"post","link":"https:\/\/www.sudoestehoje.com.br\/novoportal\/2011\/01\/06\/especulation\/","title":{"rendered":"ESPECULATION"},"content":{"rendered":"<p style=\"text-align: center;\"><a href=\"http:\/\/www.google.com.br\/imgres?imgurl=http:\/\/1.bp.blogspot.com\/_Or4qk5asUSk\/TSIBu7kLu7I\/AAAAAAAAF6k\/C7PZJ3QvGaw\/s1600\/verdade%2Bou%2Bmentira.jpg&amp;imgrefurl=http:\/\/profanandaschultz.blogspot.com\/&amp;usg=__ll4dNOguNfkoxqa9RJmPNgqL4Kk=&amp;h=240&amp;w=400&amp;sz=16&amp;hl=pt-br&amp;start=18&amp;zoom=1&amp;um=1&amp;itbs=1&amp;tbnid=26aQ8a4Hqv9OrM:&amp;tbnh=74&amp;tbnw=124&amp;prev=\/images%3Fq%3Dverdade%2Bou%2Bmentira%26um%3D1%26hl%3Dpt-br%26sa%3DN%26rlz%3D1R2SKPB_pt-BRBR354%26tbs%3Disch:1\"><img loading=\"lazy\" decoding=\"async\" class=\"aligncenter\" src=\"http:\/\/t0.gstatic.com\/images?q=tbn:26aQ8a4Hqv9OrM:\" alt=\"\" width=\"124\" height=\"74\" \/><\/a><\/p>\n<p>A especula\u00e7\u00e3o \u00e9 parte integrante da boa (e m\u00e1) pol\u00edtica. Arrisco at\u00e9 a dizer que a pol\u00edtica n\u00e3o sobreviveria sem ela. Como pol\u00edtico \u00e9 bicho matreiro, cheio de n\u00f3 nas costas, uma dose de especula\u00e7\u00e3o \u00e0s vezes se faz necess\u00e1rio, s\u00f3 para ver e ouvir\u00a0as &#8216;explica\u00e7\u00f5es&#8217; que, via de regra, trazem algumas surpresinhas. No caso de K\u00e1tia, por exemplo, s\u00f3 se especulou sobre uma suposta oferta do PTguai, envolvendo a vice e a Secretaria de Desenvolvimento Social. Nas explica\u00e7\u00f5es, entretanto, aparece a famosa Comutran e o nome do irm\u00e3o do prefeito, suposto autor da &#8216;proposta&#8217;. Se n\u00e3o houvessem as especula\u00e7\u00f5es, o p\u00fablico jamais saberia disto. Sendo assim, continuaremos com o nosso &#8216;especulation&#8217;, para ver se arrancamos algumas verdades (ou mentiras), nas explica\u00e7\u00f5es dos nossos ilustres pol\u00edticos, que s\u00f3 abrem o bico com o\u00a0&#8216;ferr\u00e3o&#8217; nas costelas.<\/p>\n","protected":false},"excerpt":{"rendered":"<p>A especula\u00e7\u00e3o \u00e9 parte integrante da boa (e m\u00e1) pol\u00edtica. Arrisco at\u00e9 a dizer que a pol\u00edtica n\u00e3o sobreviveria sem ela. Como pol\u00edtico \u00e9 bicho matreiro, cheio de n\u00f3 nas costas, uma dose de especula\u00e7\u00e3o \u00e0s vezes se faz necess\u00e1rio, s\u00f3 para ver e ouvir\u00a0as &#8216;explica\u00e7\u00f5es&#8217; que, via de regra, trazem algumas surpresinhas. No caso [&hellip;]<\/p>\n","protected":false},"author":2,"featured_media":0,"comment_status":"open","ping_status":"open","sticky":false,"template":"","format":"standard","meta":{"footnotes":"","_links_to":"","_links_to_target":""},"categories":[11],"tags":[],"class_list":["post-2943","post","type-post","status-publish","format-standard","hentry","category-quentinhas"],"views":1185,"_links":{"self":[{"href":"https:\/\/www.sudoestehoje.com.br\/novoportal\/wp-json\/wp\/v2\/posts\/2943","targetHints":{"allow":["GET"]}}],"collection":[{"href":"https:\/\/www.sudoestehoje.com.br\/novoportal\/wp-json\/wp\/v2\/posts"}],"about":[{"href":"https:\/\/www.sudoestehoje.com.br\/novoportal\/wp-json\/wp\/v2\/types\/post"}],"author":[{"embeddable":true,"href":"https:\/\/www.sudoestehoje.com.br\/novoportal\/wp-json\/wp\/v2\/users\/2"}],"replies":[{"embeddable":true,"href":"https:\/\/www.sudoestehoje.com.br\/novoportal\/wp-json\/wp\/v2\/comments?post=2943"}],"version-history":[{"count":1,"href":"https:\/\/www.sudoestehoje.com.br\/novoportal\/wp-json\/wp\/v2\/posts\/2943\/revisions"}],"predecessor-version":[{"id":2944,"href":"https:\/\/www.sudoestehoje.com.br\/novoportal\/wp-json\/wp\/v2\/posts\/2943\/revisions\/2944"}],"wp:attachment":[{"href":"https:\/\/www.sudoestehoje.com.br\/novoportal\/wp-json\/wp\/v2\/media?parent=2943"}],"wp:term":[{"taxonomy":"category","embeddable":true,"href":"https:\/\/www.sudoestehoje.com.br\/novoportal\/wp-json\/wp\/v2\/categories?post=2943"},{"taxonomy":"post_tag","embeddable":true,"href":"https:\/\/www.sudoestehoje.com.br\/novoportal\/wp-json\/wp\/v2\/tags?post=2943"}],"curies":[{"name":"wp","href":"https:\/\/api.w.org\/{rel}","templated":true}]}}