
{"id":29367,"date":"2013-08-10T01:05:31","date_gmt":"2013-08-10T04:05:31","guid":{"rendered":"http:\/\/www.sudoestehoje.com.br\/novoportal\/?p=29367"},"modified":"2013-08-10T01:05:31","modified_gmt":"2013-08-10T04:05:31","slug":"wagner-reconhece-esgotamento-do-pt","status":"publish","type":"post","link":"https:\/\/www.sudoestehoje.com.br\/novoportal\/2013\/08\/10\/wagner-reconhece-esgotamento-do-pt\/","title":{"rendered":"WAGNER RECONHECE ESGOTAMENTO DO PT"},"content":{"rendered":"<p style=\"text-align: center;\"><a href=\"http:\/\/www.sudoestehoje.com.br\/novoportal\/wp-content\/uploads\/2013\/08\/wag.jpg\"><img decoding=\"async\" class=\"aligncenter  wp-image-29368\" alt=\"wag\" src=\"http:\/\/www.sudoestehoje.com.br\/novoportal\/wp-content\/uploads\/2013\/08\/wag.jpg\" width=\"500\" \/><\/a><\/p>\n<p>&nbsp;<\/p>\n<p>Diz o governador Jaques Wagner na propaganda partid\u00e1ria que \u201co PT ainda tem muito a dar\u201d. \u00c9 um caso t\u00edpico de nega\u00e7\u00e3o pela afirma\u00e7\u00e3o.<\/p>\n<p>Quando o cidad\u00e3o precisa ir \u00e0 televis\u00e3o dizer que \u201cainda\u201d pode ser feita alguma coisa, em geral \u00e9 porque n\u00e3o d\u00e1 mais e tudo n\u00e3o passa de um esfor\u00e7o para manter a cabe\u00e7a fora d\u2019\u00e1gua.<\/p>\n<p>No meio pol\u00edtico, conta-se como certa uma rejei\u00e7\u00e3o muito grande ao partido e seus s\u00edmbolos, como \u201co vermelho\u201d, \u201co 13\u201d e \u201ca estrela\u201d, embora seus dirigentes insistam em brandir \u00edndices decenais que a popula\u00e7\u00e3o n\u00e3o sente na pele.<\/p>\n<p>O desencanto que se revela em muitos setores com a pol\u00edtica praticada no pa\u00eds recorda, inversamente, o fen\u00f4meno que ficou conhecido em 2002 como \u201ca onda Lula\u201d. Naquela \u00e9poca, ningu\u00e9m tinha d\u00favida sobre o que ia acontecer. Hoje, tamb\u00e9m n\u00e3o. <em>Por Escrito<\/em><\/p>\n","protected":false},"excerpt":{"rendered":"<p>&nbsp; Diz o governador Jaques Wagner na propaganda partid\u00e1ria que \u201co PT ainda tem muito a dar\u201d. \u00c9 um caso t\u00edpico de nega\u00e7\u00e3o pela afirma\u00e7\u00e3o. Quando o cidad\u00e3o precisa ir \u00e0 televis\u00e3o dizer que \u201cainda\u201d pode ser feita alguma coisa, em geral \u00e9 porque n\u00e3o d\u00e1 mais e tudo n\u00e3o passa de um esfor\u00e7o para [&hellip;]<\/p>\n","protected":false},"author":2,"featured_media":0,"comment_status":"open","ping_status":"open","sticky":false,"template":"","format":"standard","meta":{"footnotes":"","_links_to":"","_links_to_target":""},"categories":[1],"tags":[],"class_list":["post-29367","post","type-post","status-publish","format-standard","hentry","category-geral"],"views":1335,"_links":{"self":[{"href":"https:\/\/www.sudoestehoje.com.br\/novoportal\/wp-json\/wp\/v2\/posts\/29367","targetHints":{"allow":["GET"]}}],"collection":[{"href":"https:\/\/www.sudoestehoje.com.br\/novoportal\/wp-json\/wp\/v2\/posts"}],"about":[{"href":"https:\/\/www.sudoestehoje.com.br\/novoportal\/wp-json\/wp\/v2\/types\/post"}],"author":[{"embeddable":true,"href":"https:\/\/www.sudoestehoje.com.br\/novoportal\/wp-json\/wp\/v2\/users\/2"}],"replies":[{"embeddable":true,"href":"https:\/\/www.sudoestehoje.com.br\/novoportal\/wp-json\/wp\/v2\/comments?post=29367"}],"version-history":[{"count":2,"href":"https:\/\/www.sudoestehoje.com.br\/novoportal\/wp-json\/wp\/v2\/posts\/29367\/revisions"}],"predecessor-version":[{"id":29370,"href":"https:\/\/www.sudoestehoje.com.br\/novoportal\/wp-json\/wp\/v2\/posts\/29367\/revisions\/29370"}],"wp:attachment":[{"href":"https:\/\/www.sudoestehoje.com.br\/novoportal\/wp-json\/wp\/v2\/media?parent=29367"}],"wp:term":[{"taxonomy":"category","embeddable":true,"href":"https:\/\/www.sudoestehoje.com.br\/novoportal\/wp-json\/wp\/v2\/categories?post=29367"},{"taxonomy":"post_tag","embeddable":true,"href":"https:\/\/www.sudoestehoje.com.br\/novoportal\/wp-json\/wp\/v2\/tags?post=29367"}],"curies":[{"name":"wp","href":"https:\/\/api.w.org\/{rel}","templated":true}]}}