
{"id":29363,"date":"2013-08-10T00:34:45","date_gmt":"2013-08-10T03:34:45","guid":{"rendered":"http:\/\/www.sudoestehoje.com.br\/novoportal\/?p=29363"},"modified":"2013-08-10T00:34:45","modified_gmt":"2013-08-10T03:34:45","slug":"itororo-jovens-voltam-para-casa-apos-fugirem-por-10-horas","status":"publish","type":"post","link":"https:\/\/www.sudoestehoje.com.br\/novoportal\/2013\/08\/10\/itororo-jovens-voltam-para-casa-apos-fugirem-por-10-horas\/","title":{"rendered":"ITOROR\u00d3: JOVENS VOLTAM PARA CASA AP\u00d3S FUGIREM POR 10 HORAS"},"content":{"rendered":"<p style=\"text-align: center;\"><a href=\"http:\/\/www.sudoestehoje.com.br\/novoportal\/wp-content\/uploads\/2013\/08\/meninos-itororo-desaparecidos1.jpg\"><img decoding=\"async\" class=\"wp-image-29364 alignleft\" alt=\"meninos-itororo-desaparecidos\" src=\"http:\/\/www.sudoestehoje.com.br\/novoportal\/wp-content\/uploads\/2013\/08\/meninos-itororo-desaparecidos1-500x314.jpg\" width=\"200\" srcset=\"https:\/\/www.sudoestehoje.com.br\/novoportal\/wp-content\/uploads\/2013\/08\/meninos-itororo-desaparecidos1-500x314.jpg 500w, https:\/\/www.sudoestehoje.com.br\/novoportal\/wp-content\/uploads\/2013\/08\/meninos-itororo-desaparecidos1-700x440.jpg 700w, https:\/\/www.sudoestehoje.com.br\/novoportal\/wp-content\/uploads\/2013\/08\/meninos-itororo-desaparecidos1.jpg 960w\" sizes=\"(max-width: 500px) 100vw, 500px\" \/><\/a><\/p>\n<p>Os dois jovens Rafael Almeida de 13 anos e S\u00e9rgio Davi que estavam desaparecidos desde a manh\u00e3 de quarta feira, voltaram para suas resid\u00eancias ap\u00f3s fugirem por mais de 10hs. Os garotos levaram roupas, sapatos, pertences pessoais e um v\u00eddeo game.<\/p>\n<p>Segundo informa\u00e7\u00f5es das fam\u00edlias os dois jovens afirmaram estarem enjoados de suas casas e por isso resolveram fugir. Afirmaram tamb\u00e9m que ficaram o tempo todo no Bairro Col\u00f4nia pr\u00f3ximo a bomba de capta\u00e7\u00e3o de \u00e1gua do SAAE e s\u00f3 as 23hs resolveram voltar para casa.\u00a0Itoror\u00f3 J\u00e1<\/p>\n","protected":false},"excerpt":{"rendered":"<p>Os dois jovens Rafael Almeida de 13 anos e S\u00e9rgio Davi que estavam desaparecidos desde a manh\u00e3 de quarta feira, voltaram para suas resid\u00eancias ap\u00f3s fugirem por mais de 10hs. Os garotos levaram roupas, sapatos, pertences pessoais e um v\u00eddeo game. Segundo informa\u00e7\u00f5es das fam\u00edlias os dois jovens afirmaram estarem enjoados de suas casas e [&hellip;]<\/p>\n","protected":false},"author":2,"featured_media":0,"comment_status":"open","ping_status":"open","sticky":false,"template":"","format":"standard","meta":{"footnotes":"","_links_to":"","_links_to_target":""},"categories":[1],"tags":[],"class_list":["post-29363","post","type-post","status-publish","format-standard","hentry","category-geral"],"views":1265,"_links":{"self":[{"href":"https:\/\/www.sudoestehoje.com.br\/novoportal\/wp-json\/wp\/v2\/posts\/29363","targetHints":{"allow":["GET"]}}],"collection":[{"href":"https:\/\/www.sudoestehoje.com.br\/novoportal\/wp-json\/wp\/v2\/posts"}],"about":[{"href":"https:\/\/www.sudoestehoje.com.br\/novoportal\/wp-json\/wp\/v2\/types\/post"}],"author":[{"embeddable":true,"href":"https:\/\/www.sudoestehoje.com.br\/novoportal\/wp-json\/wp\/v2\/users\/2"}],"replies":[{"embeddable":true,"href":"https:\/\/www.sudoestehoje.com.br\/novoportal\/wp-json\/wp\/v2\/comments?post=29363"}],"version-history":[{"count":2,"href":"https:\/\/www.sudoestehoje.com.br\/novoportal\/wp-json\/wp\/v2\/posts\/29363\/revisions"}],"predecessor-version":[{"id":29366,"href":"https:\/\/www.sudoestehoje.com.br\/novoportal\/wp-json\/wp\/v2\/posts\/29363\/revisions\/29366"}],"wp:attachment":[{"href":"https:\/\/www.sudoestehoje.com.br\/novoportal\/wp-json\/wp\/v2\/media?parent=29363"}],"wp:term":[{"taxonomy":"category","embeddable":true,"href":"https:\/\/www.sudoestehoje.com.br\/novoportal\/wp-json\/wp\/v2\/categories?post=29363"},{"taxonomy":"post_tag","embeddable":true,"href":"https:\/\/www.sudoestehoje.com.br\/novoportal\/wp-json\/wp\/v2\/tags?post=29363"}],"curies":[{"name":"wp","href":"https:\/\/api.w.org\/{rel}","templated":true}]}}