
{"id":29337,"date":"2013-08-09T13:26:24","date_gmt":"2013-08-09T16:26:24","guid":{"rendered":"http:\/\/www.sudoestehoje.com.br\/novoportal\/?p=29337"},"modified":"2013-08-09T13:26:24","modified_gmt":"2013-08-09T16:26:24","slug":"itororo-realizara-iii-marcha-contra-as-drogas-e-pela-familia","status":"publish","type":"post","link":"https:\/\/www.sudoestehoje.com.br\/novoportal\/2013\/08\/09\/itororo-realizara-iii-marcha-contra-as-drogas-e-pela-familia\/","title":{"rendered":"ITOROR\u00d3 REALIZAR\u00c1 III MARCHA CONTRA AS DROGAS E PELA FAM\u00cdLIA"},"content":{"rendered":"<p><a href=\"http:\/\/www.sudoestehoje.com.br\/novoportal\/wp-content\/uploads\/2013\/08\/CARTAZ_3\u00aa_MARCHA.jpg\"><img loading=\"lazy\" decoding=\"async\" class=\"aligncenter size-medium wp-image-29338\" alt=\"CARTAZ_3\u00aa_MARCHA\" src=\"http:\/\/www.sudoestehoje.com.br\/novoportal\/wp-content\/uploads\/2013\/08\/CARTAZ_3\u00aa_MARCHA-351x500.jpg\" width=\"351\" height=\"500\" srcset=\"https:\/\/www.sudoestehoje.com.br\/novoportal\/wp-content\/uploads\/2013\/08\/CARTAZ_3\u00aa_MARCHA-351x500.jpg 351w, https:\/\/www.sudoestehoje.com.br\/novoportal\/wp-content\/uploads\/2013\/08\/CARTAZ_3\u00aa_MARCHA-492x700.jpg 492w, https:\/\/www.sudoestehoje.com.br\/novoportal\/wp-content\/uploads\/2013\/08\/CARTAZ_3\u00aa_MARCHA.jpg 592w\" sizes=\"auto, (max-width: 351px) 100vw, 351px\" \/><\/a><\/p>\n<p>&nbsp;<\/p>\n<p>Vai acontecer, nos dias 17 e 18 de agosto, a III Marcha Contra as Drogas e pela Fam\u00edlia, em frente a 1\u00aa Igreja Batista de Itoror\u00f3, na Pra\u00e7a Castro Alves. O evento est\u00e1 em sua 3\u00aa edi\u00e7\u00e3o e contar\u00e1 com a presen\u00e7a maci\u00e7a das igrejas evang\u00e9licas de Itoror\u00f3\u00a0e Bandeira do Col\u00f4nia, al\u00e9m da participa\u00e7\u00e3o da Secretaria Municipal de Sa\u00fade, que oferecer\u00e1 os seus servi\u00e7os de vacina\u00e7\u00e3o, aferi\u00e7\u00e3o de press\u00e3o, teste de glicemia, capilar, escova\u00e7\u00e3o\u00a0, educa\u00e7\u00e3o e sa\u00fade. Ainda ter\u00e1 corte de cabelo, louvor, esporte e lazer,\u00a0 ministra\u00e7\u00e3o da palavra de Deus e\u00a0testemunho de pessoas que ficaram livres\u00a0das drogas.<\/p>\n<p>Esse evento tem como objetivo levar o evangelho de Jesus e conscientizar toda sociedade de Itoror\u00f3, sobre o flagelo das drogas.\u00a0Venha participar da III Marcha Contra as Drogas e pela Fam\u00edlia, um evento realizado pelo Minist\u00e9rio Reviver e ABBI (Associa\u00e7\u00e3o Beneficente Batista de Itoror\u00f3).<\/p>\n","protected":false},"excerpt":{"rendered":"<p>&nbsp; Vai acontecer, nos dias 17 e 18 de agosto, a III Marcha Contra as Drogas e pela Fam\u00edlia, em frente a 1\u00aa Igreja Batista de Itoror\u00f3, na Pra\u00e7a Castro Alves. O evento est\u00e1 em sua 3\u00aa edi\u00e7\u00e3o e contar\u00e1 com a presen\u00e7a maci\u00e7a das igrejas evang\u00e9licas de Itoror\u00f3\u00a0e Bandeira do Col\u00f4nia, al\u00e9m da participa\u00e7\u00e3o [&hellip;]<\/p>\n","protected":false},"author":2,"featured_media":0,"comment_status":"open","ping_status":"open","sticky":false,"template":"","format":"standard","meta":{"footnotes":"","_links_to":"","_links_to_target":""},"categories":[1],"tags":[],"class_list":["post-29337","post","type-post","status-publish","format-standard","hentry","category-geral"],"views":2737,"_links":{"self":[{"href":"https:\/\/www.sudoestehoje.com.br\/novoportal\/wp-json\/wp\/v2\/posts\/29337","targetHints":{"allow":["GET"]}}],"collection":[{"href":"https:\/\/www.sudoestehoje.com.br\/novoportal\/wp-json\/wp\/v2\/posts"}],"about":[{"href":"https:\/\/www.sudoestehoje.com.br\/novoportal\/wp-json\/wp\/v2\/types\/post"}],"author":[{"embeddable":true,"href":"https:\/\/www.sudoestehoje.com.br\/novoportal\/wp-json\/wp\/v2\/users\/2"}],"replies":[{"embeddable":true,"href":"https:\/\/www.sudoestehoje.com.br\/novoportal\/wp-json\/wp\/v2\/comments?post=29337"}],"version-history":[{"count":2,"href":"https:\/\/www.sudoestehoje.com.br\/novoportal\/wp-json\/wp\/v2\/posts\/29337\/revisions"}],"predecessor-version":[{"id":29340,"href":"https:\/\/www.sudoestehoje.com.br\/novoportal\/wp-json\/wp\/v2\/posts\/29337\/revisions\/29340"}],"wp:attachment":[{"href":"https:\/\/www.sudoestehoje.com.br\/novoportal\/wp-json\/wp\/v2\/media?parent=29337"}],"wp:term":[{"taxonomy":"category","embeddable":true,"href":"https:\/\/www.sudoestehoje.com.br\/novoportal\/wp-json\/wp\/v2\/categories?post=29337"},{"taxonomy":"post_tag","embeddable":true,"href":"https:\/\/www.sudoestehoje.com.br\/novoportal\/wp-json\/wp\/v2\/tags?post=29337"}],"curies":[{"name":"wp","href":"https:\/\/api.w.org\/{rel}","templated":true}]}}