
{"id":29303,"date":"2013-08-09T14:02:05","date_gmt":"2013-08-09T17:02:05","guid":{"rendered":"http:\/\/www.sudoestehoje.com.br\/novoportal\/?p=29303"},"modified":"2013-08-09T14:04:37","modified_gmt":"2013-08-09T17:04:37","slug":"ze-fujao-e-seu-boi-de-piranha","status":"publish","type":"post","link":"https:\/\/www.sudoestehoje.com.br\/novoportal\/2013\/08\/09\/ze-fujao-e-seu-boi-de-piranha\/","title":{"rendered":"Z\u00c9 FUJ\u00c3O E SEU BOI-DE-PIRANHA"},"content":{"rendered":"<p style=\"text-align: center;\"><a href=\"http:\/\/www.sudoestehoje.com.br\/novoportal\/wp-content\/uploads\/2013\/08\/jer\u00e9.jpg\"><img decoding=\"async\" class=\"wp-image-29309 alignleft\" alt=\"jer\u00e9\" src=\"http:\/\/www.sudoestehoje.com.br\/novoportal\/wp-content\/uploads\/2013\/08\/jer\u00e9.jpg\" width=\"230\" \/><\/a><\/p>\n<p>ITAPETINGA: Al\u00e9m de n\u00e3o apitar nada na sua administra\u00e7\u00e3o e deixar as coisas correrem frouxas nas m\u00e3os de secret\u00e1rios e assessores sem nenhuma qualifica\u00e7\u00e3o, o prefeito de Itapetinga est\u00e1 ganhando a fama de &#8216;fuj\u00e3o&#8217;, pois sempre que acontece uma crise no seu governo ou algum fato que requer a sua presen\u00e7a e decis\u00e3o, ele sai de cena, desaparece, toma Doril.<\/p>\n<p>Basta um pequeno esfor\u00e7o de mem\u00f3ria, para lembrar que ele desapareceu da cidade em momentos cruciais, como no epis\u00f3dio da CPI da Vidal, nas den\u00fancias de abandono e maus tratos aos animais da Matinha, nas manifesta\u00e7\u00f5es e protestos de ruas, e agora, no lament\u00e1vel epis\u00f3dio da morte das duas crian\u00e7as que foram atropeladas por uma ca\u00e7amba sucateada, a servi\u00e7o da prefeitura, cujo motorista n\u00e3o era sequer habilitado.<\/p>\n<p>Para cobrir a sua frequente aus\u00eancia, o fuj\u00e3o sempre delega poderes a um pobre coitado, que at\u00e9 pouco tempo atr\u00e1s s\u00f3 almejava a pr\u00f3pria feira, mas que agora posa de &#8216;porta voz oficial&#8217; do chefe do executivo, um aut\u00eantico &#8216;boi-de-piranha&#8217;, que tem passado apertado para cobrir a constante aus\u00eancia do chefe.<\/p>\n<p>N\u00e3o se sabe se \u00a0Jeremias Pereira faz esse deprimente papel de escudo do prefeito por convic\u00e7\u00e3o ou por &#8216;babaovisse&#8217;, mas que ele tem rebolado um bocado para livrar a cara do chefe, isto \u00e9 incontest\u00e1vel. Al\u00e9m de passar o dia inteiro &#8216;veselinando&#8217; quem procura o ausente prefeito em seu gabinete, &#8216;Jer\u00e9&#8217; ainda tem que usar todo o seu repert\u00f3rio de &#8216;puxasaquisse&#8217;, para inventar qualidades que Z\u00e9 Carlos jamais sonhou possuir, no intuito de embromar, enrolar e engambelar a popula\u00e7\u00e3o, no seu fraqu\u00edssimo programa de r\u00e1dio, mais chato que a Voz do Brasil.<\/p>\n<p>J\u00e1 que sofre de defici\u00eancia no seu intelecto e &#8216;caruara&#8217; cr\u00f4nica, o prefeito fuj\u00e3o bem que poderia se fazer representar por algu\u00e9m que tivesse habilita\u00e7\u00e3o, para nos livrar de outras trag\u00e9dias. Benza Deus&#8230;!<\/p>\n<p><strong><em>Por Davi Ferraz<\/em><\/strong><\/p>\n","protected":false},"excerpt":{"rendered":"<p>ITAPETINGA: Al\u00e9m de n\u00e3o apitar nada na sua administra\u00e7\u00e3o e deixar as coisas correrem frouxas nas m\u00e3os de secret\u00e1rios e assessores sem nenhuma qualifica\u00e7\u00e3o, o prefeito de Itapetinga est\u00e1 ganhando a fama de &#8216;fuj\u00e3o&#8217;, pois sempre que acontece uma crise no seu governo ou algum fato que requer a sua presen\u00e7a e decis\u00e3o, ele sai [&hellip;]<\/p>\n","protected":false},"author":2,"featured_media":0,"comment_status":"open","ping_status":"open","sticky":false,"template":"","format":"standard","meta":{"footnotes":"","_links_to":"","_links_to_target":""},"categories":[1],"tags":[],"class_list":["post-29303","post","type-post","status-publish","format-standard","hentry","category-geral"],"views":1305,"_links":{"self":[{"href":"https:\/\/www.sudoestehoje.com.br\/novoportal\/wp-json\/wp\/v2\/posts\/29303","targetHints":{"allow":["GET"]}}],"collection":[{"href":"https:\/\/www.sudoestehoje.com.br\/novoportal\/wp-json\/wp\/v2\/posts"}],"about":[{"href":"https:\/\/www.sudoestehoje.com.br\/novoportal\/wp-json\/wp\/v2\/types\/post"}],"author":[{"embeddable":true,"href":"https:\/\/www.sudoestehoje.com.br\/novoportal\/wp-json\/wp\/v2\/users\/2"}],"replies":[{"embeddable":true,"href":"https:\/\/www.sudoestehoje.com.br\/novoportal\/wp-json\/wp\/v2\/comments?post=29303"}],"version-history":[{"count":9,"href":"https:\/\/www.sudoestehoje.com.br\/novoportal\/wp-json\/wp\/v2\/posts\/29303\/revisions"}],"predecessor-version":[{"id":29348,"href":"https:\/\/www.sudoestehoje.com.br\/novoportal\/wp-json\/wp\/v2\/posts\/29303\/revisions\/29348"}],"wp:attachment":[{"href":"https:\/\/www.sudoestehoje.com.br\/novoportal\/wp-json\/wp\/v2\/media?parent=29303"}],"wp:term":[{"taxonomy":"category","embeddable":true,"href":"https:\/\/www.sudoestehoje.com.br\/novoportal\/wp-json\/wp\/v2\/categories?post=29303"},{"taxonomy":"post_tag","embeddable":true,"href":"https:\/\/www.sudoestehoje.com.br\/novoportal\/wp-json\/wp\/v2\/tags?post=29303"}],"curies":[{"name":"wp","href":"https:\/\/api.w.org\/{rel}","templated":true}]}}