
{"id":29286,"date":"2013-08-07T21:21:43","date_gmt":"2013-08-08T00:21:43","guid":{"rendered":"http:\/\/www.sudoestehoje.com.br\/novoportal\/?p=29286"},"modified":"2013-08-07T23:02:15","modified_gmt":"2013-08-08T02:02:15","slug":"parentes-de-criancas-atropeladas-por-cacambas-cobram-posicao-do-prefeito","status":"publish","type":"post","link":"https:\/\/www.sudoestehoje.com.br\/novoportal\/2013\/08\/07\/parentes-de-criancas-atropeladas-por-cacambas-cobram-posicao-do-prefeito\/","title":{"rendered":"FAMILIARES DE CRIAN\u00c7AS ATROPELADAS POR CA\u00c7AMBA COBRAM POSI\u00c7\u00c3O DO PREFEITO"},"content":{"rendered":"<p><a href=\"http:\/\/www.sudoestehoje.com.br\/novoportal\/wp-content\/uploads\/2013\/08\/mani.jpg\"><img loading=\"lazy\" decoding=\"async\" class=\"aligncenter size-medium wp-image-29287\" alt=\"mani\" src=\"http:\/\/www.sudoestehoje.com.br\/novoportal\/wp-content\/uploads\/2013\/08\/mani-500x375.jpg\" width=\"500\" height=\"375\" srcset=\"https:\/\/www.sudoestehoje.com.br\/novoportal\/wp-content\/uploads\/2013\/08\/mani-500x375.jpg 500w, https:\/\/www.sudoestehoje.com.br\/novoportal\/wp-content\/uploads\/2013\/08\/mani.jpg 518w\" sizes=\"auto, (max-width: 500px) 100vw, 500px\" \/><\/a><\/p>\n<p>&nbsp;<\/p>\n<p>A tarde desta quarta-feira (07), foi marcada por uma manifesta\u00e7\u00e3o pac\u00edfica, em frente \u00e0 prefeitura de Itapetinga, onde familiares e amigos dos garotos mortos e feridos em acidente envolvendo uma ca\u00e7amba a servi\u00e7o da Secretaria Municipal de Infraestrutura, clamando por justi\u00e7a, exigindo uma posi\u00e7\u00e3o do executivo municipal, j\u00e1 que o motorista estava a servi\u00e7o da prefeitura \u00a0n\u00e3o tinha sequer habilita\u00e7\u00e3o.<\/p>\n<p>A pra\u00e7a Dairy Valley, em frente \u00e0 prefeitura, foi interditada pelos manifestantes, mas nenhum representante da prefeitura deu as caras.\u00a0Segundo o pai de duas das v\u00edtimas, o chefe de gabinete Jeremias Pereira, em visita recente \u00e0 sua casa, ofereceu telhas para reformar sua resid\u00eancia, mas ele n\u00e3o aceitou, afirmando que a sua fam\u00edlia quer justi\u00e7a, e n\u00e3o dinheiro.<\/p>\n<p>Ser\u00e1 que vai ficar por isto mesmo? Cad\u00ea o Minist\u00e9rio P\u00fablico?<\/p>\n<p><strong><em>Por Davi Ferraz<\/em> <\/strong>( Com informa\u00e7\u00f5es e fotos de Marcelo Bahia)<\/p>\n","protected":false},"excerpt":{"rendered":"<p>&nbsp; A tarde desta quarta-feira (07), foi marcada por uma manifesta\u00e7\u00e3o pac\u00edfica, em frente \u00e0 prefeitura de Itapetinga, onde familiares e amigos dos garotos mortos e feridos em acidente envolvendo uma ca\u00e7amba a servi\u00e7o da Secretaria Municipal de Infraestrutura, clamando por justi\u00e7a, exigindo uma posi\u00e7\u00e3o do executivo municipal, j\u00e1 que o motorista estava a servi\u00e7o [&hellip;]<\/p>\n","protected":false},"author":2,"featured_media":0,"comment_status":"open","ping_status":"open","sticky":false,"template":"","format":"standard","meta":{"footnotes":"","_links_to":"","_links_to_target":""},"categories":[1],"tags":[],"class_list":["post-29286","post","type-post","status-publish","format-standard","hentry","category-geral"],"views":1326,"_links":{"self":[{"href":"https:\/\/www.sudoestehoje.com.br\/novoportal\/wp-json\/wp\/v2\/posts\/29286","targetHints":{"allow":["GET"]}}],"collection":[{"href":"https:\/\/www.sudoestehoje.com.br\/novoportal\/wp-json\/wp\/v2\/posts"}],"about":[{"href":"https:\/\/www.sudoestehoje.com.br\/novoportal\/wp-json\/wp\/v2\/types\/post"}],"author":[{"embeddable":true,"href":"https:\/\/www.sudoestehoje.com.br\/novoportal\/wp-json\/wp\/v2\/users\/2"}],"replies":[{"embeddable":true,"href":"https:\/\/www.sudoestehoje.com.br\/novoportal\/wp-json\/wp\/v2\/comments?post=29286"}],"version-history":[{"count":6,"href":"https:\/\/www.sudoestehoje.com.br\/novoportal\/wp-json\/wp\/v2\/posts\/29286\/revisions"}],"predecessor-version":[{"id":29291,"href":"https:\/\/www.sudoestehoje.com.br\/novoportal\/wp-json\/wp\/v2\/posts\/29286\/revisions\/29291"}],"wp:attachment":[{"href":"https:\/\/www.sudoestehoje.com.br\/novoportal\/wp-json\/wp\/v2\/media?parent=29286"}],"wp:term":[{"taxonomy":"category","embeddable":true,"href":"https:\/\/www.sudoestehoje.com.br\/novoportal\/wp-json\/wp\/v2\/categories?post=29286"},{"taxonomy":"post_tag","embeddable":true,"href":"https:\/\/www.sudoestehoje.com.br\/novoportal\/wp-json\/wp\/v2\/tags?post=29286"}],"curies":[{"name":"wp","href":"https:\/\/api.w.org\/{rel}","templated":true}]}}