
{"id":29267,"date":"2013-08-07T19:59:32","date_gmt":"2013-08-07T22:59:32","guid":{"rendered":"http:\/\/www.sudoestehoje.com.br\/novoportal\/?p=29267"},"modified":"2013-08-07T20:50:42","modified_gmt":"2013-08-07T23:50:42","slug":"if-baiano-abre-novas-vagas-para-o-curso-tecnico-em-agropecuaria","status":"publish","type":"post","link":"https:\/\/www.sudoestehoje.com.br\/novoportal\/2013\/08\/07\/if-baiano-abre-novas-vagas-para-o-curso-tecnico-em-agropecuaria\/","title":{"rendered":"IF BAIANO ABRE NOVAS VAGAS PARA O CURSO T\u00c9CNICO EM AGROPECU\u00c1RIA"},"content":{"rendered":"<p style=\"text-align: center;\"><a href=\"http:\/\/www.sudoestehoje.com.br\/novoportal\/wp-content\/uploads\/2013\/08\/if-baiano.jpg\"><img decoding=\"async\" class=\"aligncenter  wp-image-29270\" alt=\"if baiano\" src=\"http:\/\/www.sudoestehoje.com.br\/novoportal\/wp-content\/uploads\/2013\/08\/if-baiano.jpg\" width=\"500\" \/><\/a><\/p>\n<p>O IF \u00a0Baiano \u2013\u00a0<em>Campus<\/em>\u00a0Itapetinga publicou na segunda-feira, 05 de agosto, o edital n\u00ba 05\/2013 para preenchimento de vagas remanescentes no curso T\u00e9cnico em Agropecu\u00e1ria na modalidade Subsequente ao Ensino M\u00e9dio.<\/p>\n<p>As inscri\u00e7\u00f5es para o processo seletivo s\u00e3o gratuitas e realizadas de\u00a005 a 23 de agosto de<em>\u00a0<\/em>2013, mediante preenchimento\u00a0de Ficha de Inscri\u00e7\u00e3o (Anexo I), que ser\u00e1 entregue na Secretaria de Registros Acad\u00eamicos do<em>Campus<\/em>\u00a0Itapetinga, no per\u00edodo de 07h30 \u00e0s 20h.<\/p>\n<p>A sele\u00e7\u00e3o no processo seletivo ser\u00e1 atrav\u00e9s de entrevista, tendo como objetivo avaliar o perfil do candidato com o referido curso.\u00a0Maiores informa\u00e7\u00f5es poder\u00e3o ser obtidas no IF Baiano \u2013\u00a0<em>Campus<\/em>\u00a0Itapetinga e atrav\u00e9s do telefone: (77)3261 2213.<strong><a href=\"http:\/\/www.itapetinga.ifbaiano.edu.br\/\"><br \/>\n<\/a><\/strong><\/p>\n<p>Instituto Federal Baiano &#8211;\u00a0<em>Campus\u00a0<\/em>Itapetinga, \u00a0Rodovia Itapetinga\/Itoror\u00f3, KM 2, Bairro Clerol\u00e2ndia, Itapetinga- Bahia.<\/p>\n<p>Confira \u00a0a p\u00e1gina do Edital<strong>\u00a0<\/strong><a href=\"http:\/\/www.ifbaiano.edu.br\/unidades\/itapetinga\/processo-seletivo-para-professor-substituto-2013\/\" target=\"_blank\">aqui.<\/a><\/p>\n<p>Site:\u00a0<a href=\"http:\/\/www.itapetinga.ifbaiano.edu.br\/\">www.itapetinga.ifbaiano.edu.br<\/a><\/p>\n<p>Ascom\/IF Baiano &#8211;\u00a0<em>Campus<\/em>\u00a0Itapetinga<\/p>\n<p>&nbsp;<\/p>\n<p>&nbsp;<\/p>\n","protected":false},"excerpt":{"rendered":"<p>O IF \u00a0Baiano \u2013\u00a0Campus\u00a0Itapetinga publicou na segunda-feira, 05 de agosto, o edital n\u00ba 05\/2013 para preenchimento de vagas remanescentes no curso T\u00e9cnico em Agropecu\u00e1ria na modalidade Subsequente ao Ensino M\u00e9dio. As inscri\u00e7\u00f5es para o processo seletivo s\u00e3o gratuitas e realizadas de\u00a005 a 23 de agosto de\u00a02013, mediante preenchimento\u00a0de Ficha de Inscri\u00e7\u00e3o (Anexo I), que ser\u00e1 [&hellip;]<\/p>\n","protected":false},"author":2,"featured_media":0,"comment_status":"open","ping_status":"open","sticky":false,"template":"","format":"standard","meta":{"footnotes":"","_links_to":"","_links_to_target":""},"categories":[1],"tags":[],"class_list":["post-29267","post","type-post","status-publish","format-standard","hentry","category-geral"],"views":1316,"_links":{"self":[{"href":"https:\/\/www.sudoestehoje.com.br\/novoportal\/wp-json\/wp\/v2\/posts\/29267","targetHints":{"allow":["GET"]}}],"collection":[{"href":"https:\/\/www.sudoestehoje.com.br\/novoportal\/wp-json\/wp\/v2\/posts"}],"about":[{"href":"https:\/\/www.sudoestehoje.com.br\/novoportal\/wp-json\/wp\/v2\/types\/post"}],"author":[{"embeddable":true,"href":"https:\/\/www.sudoestehoje.com.br\/novoportal\/wp-json\/wp\/v2\/users\/2"}],"replies":[{"embeddable":true,"href":"https:\/\/www.sudoestehoje.com.br\/novoportal\/wp-json\/wp\/v2\/comments?post=29267"}],"version-history":[{"count":11,"href":"https:\/\/www.sudoestehoje.com.br\/novoportal\/wp-json\/wp\/v2\/posts\/29267\/revisions"}],"predecessor-version":[{"id":29278,"href":"https:\/\/www.sudoestehoje.com.br\/novoportal\/wp-json\/wp\/v2\/posts\/29267\/revisions\/29278"}],"wp:attachment":[{"href":"https:\/\/www.sudoestehoje.com.br\/novoportal\/wp-json\/wp\/v2\/media?parent=29267"}],"wp:term":[{"taxonomy":"category","embeddable":true,"href":"https:\/\/www.sudoestehoje.com.br\/novoportal\/wp-json\/wp\/v2\/categories?post=29267"},{"taxonomy":"post_tag","embeddable":true,"href":"https:\/\/www.sudoestehoje.com.br\/novoportal\/wp-json\/wp\/v2\/tags?post=29267"}],"curies":[{"name":"wp","href":"https:\/\/api.w.org\/{rel}","templated":true}]}}