
{"id":29242,"date":"2013-08-07T12:45:31","date_gmt":"2013-08-07T15:45:31","guid":{"rendered":"http:\/\/www.sudoestehoje.com.br\/novoportal\/?p=29242"},"modified":"2013-08-07T13:26:20","modified_gmt":"2013-08-07T16:26:20","slug":"vereador-joao-carlos-consegue-posto-policial-para-central-de-abastecimento","status":"publish","type":"post","link":"https:\/\/www.sudoestehoje.com.br\/novoportal\/2013\/08\/07\/vereador-joao-carlos-consegue-posto-policial-para-central-de-abastecimento\/","title":{"rendered":"VEREADOR JO\u00c3O CARLOS CONSEGUE POSTO POLICIAL PARA CENTRAL DE ABASTECIMENTO"},"content":{"rendered":"<p><a href=\"http:\/\/www.sudoestehoje.com.br\/novoportal\/wp-content\/uploads\/2013\/08\/GEDC0869.jpg\"><img loading=\"lazy\" decoding=\"async\" class=\"aligncenter size-medium wp-image-29244\" alt=\"GEDSC DIGITAL CAMERA\" src=\"http:\/\/www.sudoestehoje.com.br\/novoportal\/wp-content\/uploads\/2013\/08\/GEDC0869-500x375.jpg\" width=\"500\" height=\"375\" srcset=\"https:\/\/www.sudoestehoje.com.br\/novoportal\/wp-content\/uploads\/2013\/08\/GEDC0869-500x375.jpg 500w, https:\/\/www.sudoestehoje.com.br\/novoportal\/wp-content\/uploads\/2013\/08\/GEDC0869.jpg 640w\" sizes=\"auto, (max-width: 500px) 100vw, 500px\" \/><\/a><\/p>\n<p style=\"text-align: center;\"><em>Centrais de abastecimento contar\u00e3o com prote\u00e7\u00e3o da Pol\u00edcia Militar<\/em><\/p>\n<p>&nbsp;<\/p>\n<p>ITAPETINGA: Atendendo a um requerimento do vereador Jo\u00e3o Carlos (PMDB), o comando da Pol\u00edcia Militar em Itapetinga autorizou a instala\u00e7\u00e3o de um posto policial na Central de Abastecimento. O vereador justificou o seu pedido, alegando a total inseguran\u00e7a no local, o que vinha expondo comerciantes e a pr\u00f3pria popula\u00e7\u00e3o aos constantes roubos que sempre ocorreram nas duas centrais e na feira livre.<\/p>\n<p style=\"text-align: center;\"><img decoding=\"async\" class=\"aligncenter\" alt=\"\" src=\"http:\/\/www.blogdodigadiga.com.br\/v1\/wp-content\/uploads\/2013\/04\/imagesCA6SPRD8.jpg\" width=\"500\" \/><\/p>\n<p>O espa\u00e7o para instala\u00e7\u00e3o do Posto Policial foi disponibilizado pela prefeitura, no primeiro andar da Central I, e a reforma foi feita com a doa\u00e7\u00e3o de material pelo pr\u00f3prio vereador Jo\u00e3o Carlos, que tamb\u00e9m contou com a ajuda de comerciantes e amigos, na m\u00e3o de obra dos reparos e da pintura do box.<\/p>\n<p>O posto j\u00e1 est\u00e1 pronto, aguardando apenas a entrega do mobili\u00e1rio prometido pela prefeitura, para que entre em pleno funcionamento.<\/p>\n<p><strong><em>Por Davi Ferraz<\/em><\/strong><\/p>\n","protected":false},"excerpt":{"rendered":"<p>Centrais de abastecimento contar\u00e3o com prote\u00e7\u00e3o da Pol\u00edcia Militar &nbsp; ITAPETINGA: Atendendo a um requerimento do vereador Jo\u00e3o Carlos (PMDB), o comando da Pol\u00edcia Militar em Itapetinga autorizou a instala\u00e7\u00e3o de um posto policial na Central de Abastecimento. O vereador justificou o seu pedido, alegando a total inseguran\u00e7a no local, o que vinha expondo comerciantes [&hellip;]<\/p>\n","protected":false},"author":2,"featured_media":0,"comment_status":"open","ping_status":"open","sticky":false,"template":"","format":"standard","meta":{"footnotes":"","_links_to":"","_links_to_target":""},"categories":[1],"tags":[],"class_list":["post-29242","post","type-post","status-publish","format-standard","hentry","category-geral"],"views":1136,"_links":{"self":[{"href":"https:\/\/www.sudoestehoje.com.br\/novoportal\/wp-json\/wp\/v2\/posts\/29242","targetHints":{"allow":["GET"]}}],"collection":[{"href":"https:\/\/www.sudoestehoje.com.br\/novoportal\/wp-json\/wp\/v2\/posts"}],"about":[{"href":"https:\/\/www.sudoestehoje.com.br\/novoportal\/wp-json\/wp\/v2\/types\/post"}],"author":[{"embeddable":true,"href":"https:\/\/www.sudoestehoje.com.br\/novoportal\/wp-json\/wp\/v2\/users\/2"}],"replies":[{"embeddable":true,"href":"https:\/\/www.sudoestehoje.com.br\/novoportal\/wp-json\/wp\/v2\/comments?post=29242"}],"version-history":[{"count":7,"href":"https:\/\/www.sudoestehoje.com.br\/novoportal\/wp-json\/wp\/v2\/posts\/29242\/revisions"}],"predecessor-version":[{"id":29255,"href":"https:\/\/www.sudoestehoje.com.br\/novoportal\/wp-json\/wp\/v2\/posts\/29242\/revisions\/29255"}],"wp:attachment":[{"href":"https:\/\/www.sudoestehoje.com.br\/novoportal\/wp-json\/wp\/v2\/media?parent=29242"}],"wp:term":[{"taxonomy":"category","embeddable":true,"href":"https:\/\/www.sudoestehoje.com.br\/novoportal\/wp-json\/wp\/v2\/categories?post=29242"},{"taxonomy":"post_tag","embeddable":true,"href":"https:\/\/www.sudoestehoje.com.br\/novoportal\/wp-json\/wp\/v2\/tags?post=29242"}],"curies":[{"name":"wp","href":"https:\/\/api.w.org\/{rel}","templated":true}]}}