
{"id":29221,"date":"2013-08-06T09:52:19","date_gmt":"2013-08-06T12:52:19","guid":{"rendered":"http:\/\/www.sudoestehoje.com.br\/novoportal\/?p=29221"},"modified":"2013-08-06T09:52:19","modified_gmt":"2013-08-06T12:52:19","slug":"nenhum-inscrito-no-mais-medicos-quer-trabalhar-nas-700-cidades-sem-medicos","status":"publish","type":"post","link":"https:\/\/www.sudoestehoje.com.br\/novoportal\/2013\/08\/06\/nenhum-inscrito-no-mais-medicos-quer-trabalhar-nas-700-cidades-sem-medicos\/","title":{"rendered":"NENHUM INSCRITO NO &#8220;MAIS M\u00c9DICOS&#8221; QUER TRABALHAR NAS 700 CIDADES SEM M\u00c9DICOS"},"content":{"rendered":"<p style=\"text-align: center;\"><a href=\"http:\/\/www.sudoestehoje.com.br\/novoportal\/wp-content\/uploads\/2013\/08\/SEM-MED.jpg\"><img decoding=\"async\" class=\"aligncenter  wp-image-29223\" alt=\"SEM MED\" src=\"http:\/\/www.sudoestehoje.com.br\/novoportal\/wp-content\/uploads\/2013\/08\/SEM-MED.jpg\" width=\"500\" \/><\/a><\/p>\n<p>&nbsp;<\/p>\n<p>Nenhum dos inscritos no programa Mais M\u00e9dicos optou por trabalhar em um dos 700 munic\u00edpios que n\u00e3o disp\u00f5e de m\u00e9dicos, a informa\u00e7\u00e3o \u00e9 da ministra de Rela\u00e7\u00f5es Institucionais, Ideli Salvatti, que em reuni\u00e3o com a presidente Dilma Roussef e integrantes da base aliada, antecipou algumas informa\u00e7\u00f5es que ser\u00e3o divulgadas nesta ter\u00e7a-feira (6) pelo Minist\u00e9rio da Sa\u00fade. \u201cTalvez a prova mais inequ\u00edvoca de que este \u00e9 um programa absolutamente necess\u00e1rio \u00e9 que, dos locais escolhidos pelos m\u00e9dicos brasileiros, n\u00e3o houve nenhuma escolha dos 700 munic\u00edpios onde n\u00e3o temos nenhum m\u00e9dico\u201d, informou.<\/p>\n<p>No \u00faltimo s\u00e1bado (3) foi encerrado o prazo para que os 1.753 profissionais selecionados confirmassem o compromisso de cumprir os tr\u00eas anos de contrato. De acordo com a ministra, a desist\u00eancia pelas cidades remotas e sem m\u00e9dicos, revela a necessidade de contrata\u00e7\u00e3o de profissionais de outros pa\u00edses. \u201cExatamente os 700 munic\u00edpios onde n\u00e3o temos nenhum m\u00e9dico, eles n\u00e3o foram escolhidos pelos m\u00e9dicos e agora n\u00f3s vamos ter a abertura da inscri\u00e7\u00e3o para os m\u00e9dicos estrangeiros para poder fazer da\u00ed todo o procedimento\u201d, disse. Informa\u00e7\u00f5es do G1.<\/p>\n","protected":false},"excerpt":{"rendered":"<p>&nbsp; Nenhum dos inscritos no programa Mais M\u00e9dicos optou por trabalhar em um dos 700 munic\u00edpios que n\u00e3o disp\u00f5e de m\u00e9dicos, a informa\u00e7\u00e3o \u00e9 da ministra de Rela\u00e7\u00f5es Institucionais, Ideli Salvatti, que em reuni\u00e3o com a presidente Dilma Roussef e integrantes da base aliada, antecipou algumas informa\u00e7\u00f5es que ser\u00e3o divulgadas nesta ter\u00e7a-feira (6) pelo Minist\u00e9rio [&hellip;]<\/p>\n","protected":false},"author":2,"featured_media":0,"comment_status":"open","ping_status":"open","sticky":false,"template":"","format":"standard","meta":{"footnotes":"","_links_to":"","_links_to_target":""},"categories":[1],"tags":[],"class_list":["post-29221","post","type-post","status-publish","format-standard","hentry","category-geral"],"views":1323,"_links":{"self":[{"href":"https:\/\/www.sudoestehoje.com.br\/novoportal\/wp-json\/wp\/v2\/posts\/29221","targetHints":{"allow":["GET"]}}],"collection":[{"href":"https:\/\/www.sudoestehoje.com.br\/novoportal\/wp-json\/wp\/v2\/posts"}],"about":[{"href":"https:\/\/www.sudoestehoje.com.br\/novoportal\/wp-json\/wp\/v2\/types\/post"}],"author":[{"embeddable":true,"href":"https:\/\/www.sudoestehoje.com.br\/novoportal\/wp-json\/wp\/v2\/users\/2"}],"replies":[{"embeddable":true,"href":"https:\/\/www.sudoestehoje.com.br\/novoportal\/wp-json\/wp\/v2\/comments?post=29221"}],"version-history":[{"count":3,"href":"https:\/\/www.sudoestehoje.com.br\/novoportal\/wp-json\/wp\/v2\/posts\/29221\/revisions"}],"predecessor-version":[{"id":29225,"href":"https:\/\/www.sudoestehoje.com.br\/novoportal\/wp-json\/wp\/v2\/posts\/29221\/revisions\/29225"}],"wp:attachment":[{"href":"https:\/\/www.sudoestehoje.com.br\/novoportal\/wp-json\/wp\/v2\/media?parent=29221"}],"wp:term":[{"taxonomy":"category","embeddable":true,"href":"https:\/\/www.sudoestehoje.com.br\/novoportal\/wp-json\/wp\/v2\/categories?post=29221"},{"taxonomy":"post_tag","embeddable":true,"href":"https:\/\/www.sudoestehoje.com.br\/novoportal\/wp-json\/wp\/v2\/tags?post=29221"}],"curies":[{"name":"wp","href":"https:\/\/api.w.org\/{rel}","templated":true}]}}