
{"id":29218,"date":"2013-08-06T09:39:46","date_gmt":"2013-08-06T12:39:46","guid":{"rendered":"http:\/\/www.sudoestehoje.com.br\/novoportal\/?p=29218"},"modified":"2013-08-06T09:39:46","modified_gmt":"2013-08-06T12:39:46","slug":"governo-diz-que-nomeacao-do-filho-de-jh-foi-tecnica-e-nao-politica","status":"publish","type":"post","link":"https:\/\/www.sudoestehoje.com.br\/novoportal\/2013\/08\/06\/governo-diz-que-nomeacao-do-filho-de-jh-foi-tecnica-e-nao-politica\/","title":{"rendered":"GOVERNO DIZ QUE NOMEA\u00c7\u00c3O DO FILHO DE JH FOI T\u00c9CNICA E N\u00c3O POL\u00cdTICA"},"content":{"rendered":"<p style=\"text-align: center;\"><a href=\"http:\/\/www.sudoestehoje.com.br\/novoportal\/wp-content\/uploads\/2013\/08\/rui-c.jpg\"><img decoding=\"async\" class=\"aligncenter  wp-image-29219\" alt=\"rui c\" src=\"http:\/\/www.sudoestehoje.com.br\/novoportal\/wp-content\/uploads\/2013\/08\/rui-c.jpg\" width=\"500\" \/><\/a><\/p>\n<p>&nbsp;<\/p>\n<p>Com a divulga\u00e7\u00e3o da informa\u00e7\u00e3o de que Jaques Wagner (PT) avalizou o ingresso de Jo\u00e3o Henrique (PP) no PSL e que o ex-prefeito pode apoiar a candidatura de Rui Costa (PT) ao governo, em 2014, em troca, setores do governo se encarregaram ontem de tentar desmentir a informa\u00e7\u00e3o, atribuindo a nomea\u00e7\u00e3o do filho do ex-prefeito da capital para o gabinete da Casa Civil como sendo t\u00e9cnica, ou seja, levou em conta apenas o curr\u00edculo do rapaz. Ora, ora, conversa para boi dormir. A fun\u00e7\u00e3o que o filho de Jo\u00e3o Henrique vai ocupar no gabinete de Rui Costa est\u00e1 longe de ser t\u00e9cnica. Portanto, n\u00e3o h\u00e1 como dizer que ele foi escolhido por um perfil t\u00e9cnico. Pol\u00edtica Livre<\/p>\n","protected":false},"excerpt":{"rendered":"<p>&nbsp; Com a divulga\u00e7\u00e3o da informa\u00e7\u00e3o de que Jaques Wagner (PT) avalizou o ingresso de Jo\u00e3o Henrique (PP) no PSL e que o ex-prefeito pode apoiar a candidatura de Rui Costa (PT) ao governo, em 2014, em troca, setores do governo se encarregaram ontem de tentar desmentir a informa\u00e7\u00e3o, atribuindo a nomea\u00e7\u00e3o do filho do [&hellip;]<\/p>\n","protected":false},"author":2,"featured_media":0,"comment_status":"open","ping_status":"open","sticky":false,"template":"","format":"standard","meta":{"footnotes":"","_links_to":"","_links_to_target":""},"categories":[1],"tags":[],"class_list":["post-29218","post","type-post","status-publish","format-standard","hentry","category-geral"],"views":1172,"_links":{"self":[{"href":"https:\/\/www.sudoestehoje.com.br\/novoportal\/wp-json\/wp\/v2\/posts\/29218","targetHints":{"allow":["GET"]}}],"collection":[{"href":"https:\/\/www.sudoestehoje.com.br\/novoportal\/wp-json\/wp\/v2\/posts"}],"about":[{"href":"https:\/\/www.sudoestehoje.com.br\/novoportal\/wp-json\/wp\/v2\/types\/post"}],"author":[{"embeddable":true,"href":"https:\/\/www.sudoestehoje.com.br\/novoportal\/wp-json\/wp\/v2\/users\/2"}],"replies":[{"embeddable":true,"href":"https:\/\/www.sudoestehoje.com.br\/novoportal\/wp-json\/wp\/v2\/comments?post=29218"}],"version-history":[{"count":1,"href":"https:\/\/www.sudoestehoje.com.br\/novoportal\/wp-json\/wp\/v2\/posts\/29218\/revisions"}],"predecessor-version":[{"id":29220,"href":"https:\/\/www.sudoestehoje.com.br\/novoportal\/wp-json\/wp\/v2\/posts\/29218\/revisions\/29220"}],"wp:attachment":[{"href":"https:\/\/www.sudoestehoje.com.br\/novoportal\/wp-json\/wp\/v2\/media?parent=29218"}],"wp:term":[{"taxonomy":"category","embeddable":true,"href":"https:\/\/www.sudoestehoje.com.br\/novoportal\/wp-json\/wp\/v2\/categories?post=29218"},{"taxonomy":"post_tag","embeddable":true,"href":"https:\/\/www.sudoestehoje.com.br\/novoportal\/wp-json\/wp\/v2\/tags?post=29218"}],"curies":[{"name":"wp","href":"https:\/\/api.w.org\/{rel}","templated":true}]}}