
{"id":29213,"date":"2013-08-06T01:23:45","date_gmt":"2013-08-06T04:23:45","guid":{"rendered":"http:\/\/www.sudoestehoje.com.br\/novoportal\/?p=29213"},"modified":"2013-08-06T01:23:45","modified_gmt":"2013-08-06T04:23:45","slug":"ministerio-publico-vai-investigar-projeto-da-ponte-salvador-itaparica","status":"publish","type":"post","link":"https:\/\/www.sudoestehoje.com.br\/novoportal\/2013\/08\/06\/ministerio-publico-vai-investigar-projeto-da-ponte-salvador-itaparica\/","title":{"rendered":"MINIST\u00c9RIO P\u00daBLICO VAI INVESTIGAR PROJETO DA PONTE SALVADOR &#8211; ITAPARICA"},"content":{"rendered":"<p style=\"text-align: center;\"><a href=\"http:\/\/www.sudoestehoje.com.br\/novoportal\/wp-content\/uploads\/2013\/08\/PONTE.jpg\"><img decoding=\"async\" class=\"aligncenter  wp-image-29214\" alt=\"PONTE\" src=\"http:\/\/www.sudoestehoje.com.br\/novoportal\/wp-content\/uploads\/2013\/08\/PONTE.jpg\" width=\"500\" \/><\/a><\/p>\n<p>&nbsp;<\/p>\n<p>O Minist\u00e9rio P\u00fablico da Bahia (MPE), atrav\u00e9s do N\u00facleo Bahia de Todos os Santos, vai investigar o projeto de constru\u00e7\u00e3o da ponte Salvador Itaparica. A decis\u00e3o foi anunciada durante uma audi\u00eancia p\u00fablica realizada nesta segunda-feira (05), com o secret\u00e1rio estadual de Planejamento (Seplan), Jos\u00e9 S\u00e9rgio Gabrielli, promotores de diversas comarcas da regi\u00e3o, especialistas da Universidade Federal da Bahia (Ufba) e ambientalistas.<\/p>\n<p>O coordenador do Grupo Ambiental da Bahia (Gamb\u00e1), Renato Cunha, explicou ao Bahia Not\u00edcias que o encontro serviu para apresenta\u00e7\u00e3o do projeto, que recebeu cr\u00edticas e questionamentos. \u201cO Minist\u00e9rio P\u00fablico abriu inqu\u00e9rito para acompanhar e analisar todo o processo e, quem sabe, sugerir algo. Foi apresentado o projeto, com estudos e licita\u00e7\u00f5es.<\/p>\n<p>O que mais se colocou como questionamento foi que se trata de um projeto que n\u00e3o tem nem o esbo\u00e7o de um plano de desenvolvimento regional para a Ba\u00eda de Todos os Santos ou o rec\u00f4ncavo baiano. \u00c9 um projeto apenas de uma obra f\u00edsica\u201d, destacou.<\/p>\n","protected":false},"excerpt":{"rendered":"<p>&nbsp; O Minist\u00e9rio P\u00fablico da Bahia (MPE), atrav\u00e9s do N\u00facleo Bahia de Todos os Santos, vai investigar o projeto de constru\u00e7\u00e3o da ponte Salvador Itaparica. A decis\u00e3o foi anunciada durante uma audi\u00eancia p\u00fablica realizada nesta segunda-feira (05), com o secret\u00e1rio estadual de Planejamento (Seplan), Jos\u00e9 S\u00e9rgio Gabrielli, promotores de diversas comarcas da regi\u00e3o, especialistas da [&hellip;]<\/p>\n","protected":false},"author":2,"featured_media":0,"comment_status":"open","ping_status":"open","sticky":false,"template":"","format":"standard","meta":{"footnotes":"","_links_to":"","_links_to_target":""},"categories":[1],"tags":[],"class_list":["post-29213","post","type-post","status-publish","format-standard","hentry","category-geral"],"views":3686,"_links":{"self":[{"href":"https:\/\/www.sudoestehoje.com.br\/novoportal\/wp-json\/wp\/v2\/posts\/29213","targetHints":{"allow":["GET"]}}],"collection":[{"href":"https:\/\/www.sudoestehoje.com.br\/novoportal\/wp-json\/wp\/v2\/posts"}],"about":[{"href":"https:\/\/www.sudoestehoje.com.br\/novoportal\/wp-json\/wp\/v2\/types\/post"}],"author":[{"embeddable":true,"href":"https:\/\/www.sudoestehoje.com.br\/novoportal\/wp-json\/wp\/v2\/users\/2"}],"replies":[{"embeddable":true,"href":"https:\/\/www.sudoestehoje.com.br\/novoportal\/wp-json\/wp\/v2\/comments?post=29213"}],"version-history":[{"count":2,"href":"https:\/\/www.sudoestehoje.com.br\/novoportal\/wp-json\/wp\/v2\/posts\/29213\/revisions"}],"predecessor-version":[{"id":29216,"href":"https:\/\/www.sudoestehoje.com.br\/novoportal\/wp-json\/wp\/v2\/posts\/29213\/revisions\/29216"}],"wp:attachment":[{"href":"https:\/\/www.sudoestehoje.com.br\/novoportal\/wp-json\/wp\/v2\/media?parent=29213"}],"wp:term":[{"taxonomy":"category","embeddable":true,"href":"https:\/\/www.sudoestehoje.com.br\/novoportal\/wp-json\/wp\/v2\/categories?post=29213"},{"taxonomy":"post_tag","embeddable":true,"href":"https:\/\/www.sudoestehoje.com.br\/novoportal\/wp-json\/wp\/v2\/tags?post=29213"}],"curies":[{"name":"wp","href":"https:\/\/api.w.org\/{rel}","templated":true}]}}