
{"id":29203,"date":"2013-08-05T21:11:26","date_gmt":"2013-08-06T00:11:26","guid":{"rendered":"http:\/\/www.sudoestehoje.com.br\/novoportal\/?p=29203"},"modified":"2013-08-05T21:11:26","modified_gmt":"2013-08-06T00:11:26","slug":"carro-pega-fogo-em-itapetinga","status":"publish","type":"post","link":"https:\/\/www.sudoestehoje.com.br\/novoportal\/2013\/08\/05\/carro-pega-fogo-em-itapetinga\/","title":{"rendered":"CARRO PEGA FOGO EM ITAPETINGA"},"content":{"rendered":"<p><a href=\"http:\/\/www.sudoestehoje.com.br\/novoportal\/wp-content\/uploads\/2013\/08\/CARRO-FOGO.jpg\"><img loading=\"lazy\" decoding=\"async\" class=\"aligncenter size-medium wp-image-29204\" alt=\"CARRO FOGO\" src=\"http:\/\/www.sudoestehoje.com.br\/novoportal\/wp-content\/uploads\/2013\/08\/CARRO-FOGO-500x331.jpg\" width=\"500\" height=\"331\" srcset=\"https:\/\/www.sudoestehoje.com.br\/novoportal\/wp-content\/uploads\/2013\/08\/CARRO-FOGO-500x331.jpg 500w, https:\/\/www.sudoestehoje.com.br\/novoportal\/wp-content\/uploads\/2013\/08\/CARRO-FOGO-700x463.jpg 700w, https:\/\/www.sudoestehoje.com.br\/novoportal\/wp-content\/uploads\/2013\/08\/CARRO-FOGO.jpg 1024w\" sizes=\"auto, (max-width: 500px) 100vw, 500px\" \/><\/a><\/p>\n<p>&nbsp;<\/p>\n<p>Um carro pegou fogo no in\u00edcio da noite desta segunda-feira (05), em frente ao Flat Herc\u00edlia Pacheco, no centro de Itapetinga. De acordo com o propriet\u00e1rio do ve\u00edculo , ele tinha acabado de sair da oficina onde o mesmo estava fazendo um conserto na parte el\u00e9trica. O rapaz estava sozinho no ve\u00edculo e conseguiu sair do carro, j\u00e1 em chamas, sem nenhum ferimento.<\/p>\n<p>Ainda segundo as testemunhas que por ali passavam, o dono do carro disse que o motor come\u00e7ou a pegar fogo repentinamente, s\u00f3 havendo tempo para que ele sa\u00edsse do ve\u00edculo. A rua fica pr\u00f3ximo a P\u00e7a. dos\u00a0Pioneiros\u00a0 uma das principais ruas do tr\u00e2nsito de Itapetinga.<\/p>\n<p>O inc\u00eandio come\u00e7ou por volta de 17h50, e as 18h30, \u00a0o fogo j\u00e1 estava controlado. O ve\u00edculo, modelo Fiat Uno, teve a frente totalmente queimada. G4TV<\/p>\n<p>&nbsp;<\/p>\n","protected":false},"excerpt":{"rendered":"<p>&nbsp; Um carro pegou fogo no in\u00edcio da noite desta segunda-feira (05), em frente ao Flat Herc\u00edlia Pacheco, no centro de Itapetinga. De acordo com o propriet\u00e1rio do ve\u00edculo , ele tinha acabado de sair da oficina onde o mesmo estava fazendo um conserto na parte el\u00e9trica. O rapaz estava sozinho no ve\u00edculo e conseguiu [&hellip;]<\/p>\n","protected":false},"author":2,"featured_media":0,"comment_status":"open","ping_status":"open","sticky":false,"template":"","format":"standard","meta":{"footnotes":"","_links_to":"","_links_to_target":""},"categories":[1],"tags":[],"class_list":["post-29203","post","type-post","status-publish","format-standard","hentry","category-geral"],"views":1496,"_links":{"self":[{"href":"https:\/\/www.sudoestehoje.com.br\/novoportal\/wp-json\/wp\/v2\/posts\/29203","targetHints":{"allow":["GET"]}}],"collection":[{"href":"https:\/\/www.sudoestehoje.com.br\/novoportal\/wp-json\/wp\/v2\/posts"}],"about":[{"href":"https:\/\/www.sudoestehoje.com.br\/novoportal\/wp-json\/wp\/v2\/types\/post"}],"author":[{"embeddable":true,"href":"https:\/\/www.sudoestehoje.com.br\/novoportal\/wp-json\/wp\/v2\/users\/2"}],"replies":[{"embeddable":true,"href":"https:\/\/www.sudoestehoje.com.br\/novoportal\/wp-json\/wp\/v2\/comments?post=29203"}],"version-history":[{"count":2,"href":"https:\/\/www.sudoestehoje.com.br\/novoportal\/wp-json\/wp\/v2\/posts\/29203\/revisions"}],"predecessor-version":[{"id":29206,"href":"https:\/\/www.sudoestehoje.com.br\/novoportal\/wp-json\/wp\/v2\/posts\/29203\/revisions\/29206"}],"wp:attachment":[{"href":"https:\/\/www.sudoestehoje.com.br\/novoportal\/wp-json\/wp\/v2\/media?parent=29203"}],"wp:term":[{"taxonomy":"category","embeddable":true,"href":"https:\/\/www.sudoestehoje.com.br\/novoportal\/wp-json\/wp\/v2\/categories?post=29203"},{"taxonomy":"post_tag","embeddable":true,"href":"https:\/\/www.sudoestehoje.com.br\/novoportal\/wp-json\/wp\/v2\/tags?post=29203"}],"curies":[{"name":"wp","href":"https:\/\/api.w.org\/{rel}","templated":true}]}}