
{"id":29198,"date":"2013-08-05T17:40:13","date_gmt":"2013-08-05T20:40:13","guid":{"rendered":"http:\/\/www.sudoestehoje.com.br\/novoportal\/?p=29198"},"modified":"2013-08-05T17:40:13","modified_gmt":"2013-08-05T20:40:13","slug":"projeto-de-naara-disciplina-aquisicao-aluguel-e-uso-de-veiculos-oficiais","status":"publish","type":"post","link":"https:\/\/www.sudoestehoje.com.br\/novoportal\/2013\/08\/05\/projeto-de-naara-disciplina-aquisicao-aluguel-e-uso-de-veiculos-oficiais\/","title":{"rendered":"PROJETO DE NAARA DISCIPLINA AQUISI\u00c7\u00c3O, ALUGUEL E USO DE VE\u00cdCULOS OFICIAIS"},"content":{"rendered":"<p style=\"text-align: center;\"><a href=\"http:\/\/www.sudoestehoje.com.br\/novoportal\/wp-content\/uploads\/2013\/08\/NAARA-DU.jpg\"><img decoding=\"async\" class=\"aligncenter  wp-image-29201\" alt=\"NAARA DU\" src=\"http:\/\/www.sudoestehoje.com.br\/novoportal\/wp-content\/uploads\/2013\/08\/NAARA-DU.jpg\" width=\"500\" \/><\/a><\/p>\n<p><em>Ascom<\/em><\/p>\n<p>Ap\u00f3s acidente fatal que vitimou duas crian\u00e7as em nossa cidade e deixou mais duas gravemente feridas, a Vereadora Naara Duarte cobrou mais uma vez o Requerimento que tinha enviado ao prefeito, solicitando a rela\u00e7\u00e3o de todos os carros alugados, local de onde prestam servi\u00e7o e valores dos alugueis. Por\u00e9m, h\u00e1 mais de 3 meses que o pedido foi enviado e a prefeitura n\u00e3o respondeu. Por isso, a vereadora ingressar\u00e1 na justi\u00e7a para que a prefeitura preste essas informa\u00e7\u00f5es.<\/p>\n<p>A vereadora fez uma pesquisa em todas as leis vigentes no munic\u00edpio e n\u00e3o encontrou nenhuma lei especifica sobre esse assunto, o que a levou a elaborar um Projeto de Lei que estar\u00e1 dando entrada ainda esta semana, na C\u00e2mara de Vereadores, para disciplinar\u00a0a contrata\u00e7\u00e3o, aluguel e compra de ve\u00edculos\u00a0 pelo poder p\u00fablico, que aborda as condi\u00e7\u00f5es dos carros para participarem de licita\u00e7\u00f5es para serem locados, condi\u00e7\u00f5es de perfeito estado do veiculo, periodicidade na manuten\u00e7\u00e3o dos carros alugados ,e hor\u00e1rios de utiliza\u00e7\u00e3o ,controle de sa\u00edda, condi\u00e7\u00f5es dos condutores, e mais.<\/p>\n<p>Confira a minuta do projeto:<\/p>\n<p><a href=\"http:\/\/www.sudoestehoje.com.br\/novoportal\/wp-content\/uploads\/2013\/08\/PROJETO_DE_LEI__DO_LEGISLATIVO_N\u00ba_Salvo_Automaticamen-te-1.docx\">PROJETO_DE_LEI__DO_LEGISLATIVO_N\u00ba_(Salvo_Automaticamen te) (1)<\/a><\/p>\n","protected":false},"excerpt":{"rendered":"<p>Ascom Ap\u00f3s acidente fatal que vitimou duas crian\u00e7as em nossa cidade e deixou mais duas gravemente feridas, a Vereadora Naara Duarte cobrou mais uma vez o Requerimento que tinha enviado ao prefeito, solicitando a rela\u00e7\u00e3o de todos os carros alugados, local de onde prestam servi\u00e7o e valores dos alugueis. Por\u00e9m, h\u00e1 mais de 3 meses [&hellip;]<\/p>\n","protected":false},"author":2,"featured_media":0,"comment_status":"open","ping_status":"open","sticky":false,"template":"","format":"standard","meta":{"footnotes":"","_links_to":"","_links_to_target":""},"categories":[1],"tags":[],"class_list":["post-29198","post","type-post","status-publish","format-standard","hentry","category-geral"],"views":1509,"_links":{"self":[{"href":"https:\/\/www.sudoestehoje.com.br\/novoportal\/wp-json\/wp\/v2\/posts\/29198","targetHints":{"allow":["GET"]}}],"collection":[{"href":"https:\/\/www.sudoestehoje.com.br\/novoportal\/wp-json\/wp\/v2\/posts"}],"about":[{"href":"https:\/\/www.sudoestehoje.com.br\/novoportal\/wp-json\/wp\/v2\/types\/post"}],"author":[{"embeddable":true,"href":"https:\/\/www.sudoestehoje.com.br\/novoportal\/wp-json\/wp\/v2\/users\/2"}],"replies":[{"embeddable":true,"href":"https:\/\/www.sudoestehoje.com.br\/novoportal\/wp-json\/wp\/v2\/comments?post=29198"}],"version-history":[{"count":2,"href":"https:\/\/www.sudoestehoje.com.br\/novoportal\/wp-json\/wp\/v2\/posts\/29198\/revisions"}],"predecessor-version":[{"id":29202,"href":"https:\/\/www.sudoestehoje.com.br\/novoportal\/wp-json\/wp\/v2\/posts\/29198\/revisions\/29202"}],"wp:attachment":[{"href":"https:\/\/www.sudoestehoje.com.br\/novoportal\/wp-json\/wp\/v2\/media?parent=29198"}],"wp:term":[{"taxonomy":"category","embeddable":true,"href":"https:\/\/www.sudoestehoje.com.br\/novoportal\/wp-json\/wp\/v2\/categories?post=29198"},{"taxonomy":"post_tag","embeddable":true,"href":"https:\/\/www.sudoestehoje.com.br\/novoportal\/wp-json\/wp\/v2\/tags?post=29198"}],"curies":[{"name":"wp","href":"https:\/\/api.w.org\/{rel}","templated":true}]}}