
{"id":29177,"date":"2013-08-05T00:01:17","date_gmt":"2013-08-05T03:01:17","guid":{"rendered":"http:\/\/www.sudoestehoje.com.br\/novoportal\/?p=29177"},"modified":"2013-08-04T23:23:48","modified_gmt":"2013-08-05T02:23:48","slug":"alfredo-cabral-quer-identificacao-em-veiculos-oficiais-e-locados","status":"publish","type":"post","link":"https:\/\/www.sudoestehoje.com.br\/novoportal\/2013\/08\/05\/alfredo-cabral-quer-identificacao-em-veiculos-oficiais-e-locados\/","title":{"rendered":"ALFREDO CABRAL QUER IDENTIFICA\u00c7\u00c3O EM VE\u00cdCULOS OFICIAIS E LOCADOS"},"content":{"rendered":"<p><a href=\"http:\/\/www.sudoestehoje.com.br\/novoportal\/wp-content\/uploads\/2013\/07\/GEDC0089.jpg\"><img loading=\"lazy\" decoding=\"async\" class=\"aligncenter size-medium wp-image-28336\" alt=\"GEDSC DIGITAL CAMERA\" src=\"http:\/\/www.sudoestehoje.com.br\/novoportal\/wp-content\/uploads\/2013\/07\/GEDC0089-500x281.jpg\" width=\"500\" height=\"281\" srcset=\"https:\/\/www.sudoestehoje.com.br\/novoportal\/wp-content\/uploads\/2013\/07\/GEDC0089-500x281.jpg 500w, https:\/\/www.sudoestehoje.com.br\/novoportal\/wp-content\/uploads\/2013\/07\/GEDC0089-700x393.jpg 700w, https:\/\/www.sudoestehoje.com.br\/novoportal\/wp-content\/uploads\/2013\/07\/GEDC0089.jpg 1920w\" sizes=\"auto, (max-width: 500px) 100vw, 500px\" \/><\/a><\/p>\n<p style=\"text-align: center;\"><em>Projeto do vereador Alfredo moraliza o uso dos ve\u00edculos oficiais e locados<\/em><\/p>\n<p>&nbsp;<\/p>\n<p>ITAPETINGA: O vereador Alfredo Cabral de Assis (PSD), ingressou com um projeto de lei na c\u00e2mara municipal (projeto de lei n\u00ba016\/2013), tornando obrigat\u00f3ria a identifica\u00e7\u00e3o de todos os ve\u00edculos oficiais do munic\u00edpio, incluindo os ve\u00edculos locados pela prefeitura e autarquias municipais, que prestam servi\u00e7os ao poder p\u00fablico.<\/p>\n<p>Al\u00e9m de exigir a identifica\u00e7\u00e3o dos ve\u00edculos a servi\u00e7o do munic\u00edpio, o projeto do vereador Alfredo Cabral tamb\u00e9m estabelece normas para a contrata\u00e7\u00e3o desses ve\u00edculos, que s\u00f3 poder\u00e3o ser locados atrav\u00e9s de processo regular de licita\u00e7\u00e3o, na forma prevista na Lei 8.666 (Lei de Licita\u00e7\u00f5es).<\/p>\n<p>Outro item importante no projeto do edil, diz respeito ao recolhimento de todos os ve\u00edculos oficiais e locados nas garagens da prefeitura, depois dos hor\u00e1rios de expediente e nos finais de semana, ressalvados os casos de uso em servi\u00e7os especiais e extraordin\u00e1rios, como os de limpeza p\u00fablica e ambul\u00e2ncias, dentre outros.<\/p>\n<p>O projeto do vereador Alfredo chega em momento oportuno, diante das greves den\u00fancias de ve\u00edculos oficiais e locados sendo utilizados fora do servi\u00e7o, por seus condutores e locadores, num flagrante desrespeito \u00e0s leis e \u00e0 moralidade P\u00fablica.<\/p>\n<p>Os vereadores devem aprovar o importante projeto, e a comunidade espera que o prefeito n\u00e3o cometa outra bobagem, vetando-o, como aconteceu com a lei do Ficha Limpa.<\/p>\n<p>Vamos cobrar\u2026<\/p>\n<p><strong><em>Por Davi Ferraz\u00a0<\/em><\/strong><\/p>\n","protected":false},"excerpt":{"rendered":"<p>Projeto do vereador Alfredo moraliza o uso dos ve\u00edculos oficiais e locados &nbsp; ITAPETINGA: O vereador Alfredo Cabral de Assis (PSD), ingressou com um projeto de lei na c\u00e2mara municipal (projeto de lei n\u00ba016\/2013), tornando obrigat\u00f3ria a identifica\u00e7\u00e3o de todos os ve\u00edculos oficiais do munic\u00edpio, incluindo os ve\u00edculos locados pela prefeitura e autarquias municipais, que [&hellip;]<\/p>\n","protected":false},"author":2,"featured_media":0,"comment_status":"open","ping_status":"open","sticky":false,"template":"","format":"standard","meta":{"footnotes":"","_links_to":"","_links_to_target":""},"categories":[1],"tags":[],"class_list":["post-29177","post","type-post","status-publish","format-standard","hentry","category-geral"],"views":1401,"_links":{"self":[{"href":"https:\/\/www.sudoestehoje.com.br\/novoportal\/wp-json\/wp\/v2\/posts\/29177","targetHints":{"allow":["GET"]}}],"collection":[{"href":"https:\/\/www.sudoestehoje.com.br\/novoportal\/wp-json\/wp\/v2\/posts"}],"about":[{"href":"https:\/\/www.sudoestehoje.com.br\/novoportal\/wp-json\/wp\/v2\/types\/post"}],"author":[{"embeddable":true,"href":"https:\/\/www.sudoestehoje.com.br\/novoportal\/wp-json\/wp\/v2\/users\/2"}],"replies":[{"embeddable":true,"href":"https:\/\/www.sudoestehoje.com.br\/novoportal\/wp-json\/wp\/v2\/comments?post=29177"}],"version-history":[{"count":7,"href":"https:\/\/www.sudoestehoje.com.br\/novoportal\/wp-json\/wp\/v2\/posts\/29177\/revisions"}],"predecessor-version":[{"id":29193,"href":"https:\/\/www.sudoestehoje.com.br\/novoportal\/wp-json\/wp\/v2\/posts\/29177\/revisions\/29193"}],"wp:attachment":[{"href":"https:\/\/www.sudoestehoje.com.br\/novoportal\/wp-json\/wp\/v2\/media?parent=29177"}],"wp:term":[{"taxonomy":"category","embeddable":true,"href":"https:\/\/www.sudoestehoje.com.br\/novoportal\/wp-json\/wp\/v2\/categories?post=29177"},{"taxonomy":"post_tag","embeddable":true,"href":"https:\/\/www.sudoestehoje.com.br\/novoportal\/wp-json\/wp\/v2\/tags?post=29177"}],"curies":[{"name":"wp","href":"https:\/\/api.w.org\/{rel}","templated":true}]}}