
{"id":29151,"date":"2013-08-03T20:44:09","date_gmt":"2013-08-03T23:44:09","guid":{"rendered":"http:\/\/www.sudoestehoje.com.br\/novoportal\/?p=29151"},"modified":"2013-08-03T20:45:26","modified_gmt":"2013-08-03T23:45:26","slug":"fundacao-jose-silveira-assume-policlinica-em-sao-miguel-das-matas","status":"publish","type":"post","link":"https:\/\/www.sudoestehoje.com.br\/novoportal\/2013\/08\/03\/fundacao-jose-silveira-assume-policlinica-em-sao-miguel-das-matas\/","title":{"rendered":"FUNDA\u00c7\u00c3O JOS\u00c9 SILVEIRA ASSUME POLICL\u00cdNICA EM S\u00c3O MIGUEL DAS MATAS"},"content":{"rendered":"<p style=\"text-align: center;\"><a href=\"http:\/\/www.sudoestehoje.com.br\/novoportal\/wp-content\/uploads\/2013\/08\/FUND.jpg\"><img decoding=\"async\" class=\"aligncenter  wp-image-29152\" alt=\"FUND\" src=\"http:\/\/www.sudoestehoje.com.br\/novoportal\/wp-content\/uploads\/2013\/08\/FUND.jpg\" width=\"500\" \/><\/a><\/p>\n<p>&nbsp;<\/p>\n<p>Na manh\u00e3 desse s\u00e1bado (3), a Funda\u00e7\u00e3o Jos\u00e9 Silveira (FJS) assumiu a gest\u00e3o da Policl\u00ednica S\u00e3o Miguel, no munic\u00edpio de S\u00e3o Miguel das Matas. A unidade, que possui atendimento exclusivamente voltado ao Sistema \u00danico de Sa\u00fade (SUS), vinha sofrendo s\u00e9rios problemas estruturais e, agora, inicia uma fase de renova\u00e7\u00e3o.\u00a0A solenidade reuniu n\u00famero expressivo de autoridades locais, personalidades e cidad\u00e3os da regi\u00e3o.<\/p>\n<p>De acordo com o gerente t\u00e9cnico da Unidade de Sa\u00fade da FJS, Silvio Vasconcelos, a Policl\u00ednica disponibilizar\u00e1 \u00e0 popula\u00e7\u00e3o trinta e cinco leitos, sala de cirurgia e emerg\u00eancia em funcionamento vinte e quatro horas.<em>\u00a0\u201cSer\u00e3o oferecidos consultas e procedimentos em ginecologia e obstetr\u00edcia, al\u00e9m de cirurgias de m\u00e9dio porte, com o suporte de recursos como laborat\u00f3rio e raio x\u201d,<\/em>\u00a0destacou o gerente.<\/p>\n<p><!--more--><\/p>\n<p>A recupera\u00e7\u00e3o da Policl\u00ednica teve o empenho do deputado federal Antonio Brito, presidente da Frente Parlamentar de Apoio \u00e0s Santas Casas, Hospitais e Entidades Filantr\u00f3picas, que fez a articula\u00e7\u00e3o entre o Governo do Estado e a FJS.<em>\u00a0\u201cA popula\u00e7\u00e3o de S\u00e3o Miguel estava carente de atendimentos em sa\u00fade. A proposta \u00e9 dotar a unidade de melhores condi\u00e7\u00f5es estruturais e servi\u00e7os para assistir, basicamente, \u00e0 popula\u00e7\u00e3o de baixa renda. Tenho certeza de que a Funda\u00e7\u00e3o vai atender aos anseios da comunidade e tornar esse espa\u00e7o uma refer\u00eancia na regi\u00e3o\u201d<\/em>, comemorou o deputado. \u00a0Emocionada, a moradora de S\u00e3o Miguel das Matas, Maria das Gra\u00e7as, foi testemunha do ato de transfer\u00eancia de gest\u00e3o e comemorou a nova fase da Cl\u00ednica.\u00a0<em>\u201cEstou muito feliz, pois meus quatro filhos nasceram aqui. Essa cl\u00ednica faz parte das vidas de muitos de n\u00f3s. J\u00e1 estamos vendo a diferen\u00e7a desde hoje\u201d,<\/em>\u00a0comentou, fazendo refer\u00eancia aos atendimentos que estavam sendo realizados ao mesmo tempo da celebra\u00e7\u00e3o.<\/p>\n","protected":false},"excerpt":{"rendered":"<p>&nbsp; Na manh\u00e3 desse s\u00e1bado (3), a Funda\u00e7\u00e3o Jos\u00e9 Silveira (FJS) assumiu a gest\u00e3o da Policl\u00ednica S\u00e3o Miguel, no munic\u00edpio de S\u00e3o Miguel das Matas. A unidade, que possui atendimento exclusivamente voltado ao Sistema \u00danico de Sa\u00fade (SUS), vinha sofrendo s\u00e9rios problemas estruturais e, agora, inicia uma fase de renova\u00e7\u00e3o.\u00a0A solenidade reuniu n\u00famero expressivo de [&hellip;]<\/p>\n","protected":false},"author":2,"featured_media":0,"comment_status":"open","ping_status":"open","sticky":false,"template":"","format":"standard","meta":{"footnotes":"","_links_to":"","_links_to_target":""},"categories":[1],"tags":[],"class_list":["post-29151","post","type-post","status-publish","format-standard","hentry","category-geral"],"views":1317,"_links":{"self":[{"href":"https:\/\/www.sudoestehoje.com.br\/novoportal\/wp-json\/wp\/v2\/posts\/29151","targetHints":{"allow":["GET"]}}],"collection":[{"href":"https:\/\/www.sudoestehoje.com.br\/novoportal\/wp-json\/wp\/v2\/posts"}],"about":[{"href":"https:\/\/www.sudoestehoje.com.br\/novoportal\/wp-json\/wp\/v2\/types\/post"}],"author":[{"embeddable":true,"href":"https:\/\/www.sudoestehoje.com.br\/novoportal\/wp-json\/wp\/v2\/users\/2"}],"replies":[{"embeddable":true,"href":"https:\/\/www.sudoestehoje.com.br\/novoportal\/wp-json\/wp\/v2\/comments?post=29151"}],"version-history":[{"count":3,"href":"https:\/\/www.sudoestehoje.com.br\/novoportal\/wp-json\/wp\/v2\/posts\/29151\/revisions"}],"predecessor-version":[{"id":29154,"href":"https:\/\/www.sudoestehoje.com.br\/novoportal\/wp-json\/wp\/v2\/posts\/29151\/revisions\/29154"}],"wp:attachment":[{"href":"https:\/\/www.sudoestehoje.com.br\/novoportal\/wp-json\/wp\/v2\/media?parent=29151"}],"wp:term":[{"taxonomy":"category","embeddable":true,"href":"https:\/\/www.sudoestehoje.com.br\/novoportal\/wp-json\/wp\/v2\/categories?post=29151"},{"taxonomy":"post_tag","embeddable":true,"href":"https:\/\/www.sudoestehoje.com.br\/novoportal\/wp-json\/wp\/v2\/tags?post=29151"}],"curies":[{"name":"wp","href":"https:\/\/api.w.org\/{rel}","templated":true}]}}