
{"id":29128,"date":"2013-08-03T10:16:29","date_gmt":"2013-08-03T13:16:29","guid":{"rendered":"http:\/\/www.sudoestehoje.com.br\/novoportal\/?p=29128"},"modified":"2013-08-03T10:16:29","modified_gmt":"2013-08-03T13:16:29","slug":"pms-sao-condenados-a-624-anos-de-prisao-pelo-massacre-do-carandiru","status":"publish","type":"post","link":"https:\/\/www.sudoestehoje.com.br\/novoportal\/2013\/08\/03\/pms-sao-condenados-a-624-anos-de-prisao-pelo-massacre-do-carandiru\/","title":{"rendered":"PMs S\u00c3O CONDENADOS A 624 ANOS DE PRIS\u00c3O PELO MASSACRE DO CARANDIRU"},"content":{"rendered":"<p style=\"text-align: center;\"><a href=\"http:\/\/www.sudoestehoje.com.br\/novoportal\/wp-content\/uploads\/2013\/08\/Carandiru.jpg\"><img decoding=\"async\" class=\"aligncenter  wp-image-29129\" alt=\"Carandiru\" src=\"http:\/\/www.sudoestehoje.com.br\/novoportal\/wp-content\/uploads\/2013\/08\/Carandiru.jpg\" width=\"500\" \/><\/a><\/p>\n<p>&nbsp;<\/p>\n<p>Os 25 policiais militares acusados pela maioria das mortes ocorridas durante o massacre do Carandiru, h\u00e1 quase 21 anos, foram condenados na madrugada de hoje a 624 anos de pris\u00e3o cada um.\u00a0Os jurados consideraram que os policiais s\u00e3o os respons\u00e1veis por 52 por das 111 mortes ocorridas na Casa de Deten\u00e7\u00e3o em 2 de outubro de 1992. Todos v\u00e3o recorrer em liberdade.<\/p>\n<p>A senten\u00e7a foi lida pelo juiz Rodrigo Tellini de Aguirre Camargo \u00e0s 4h20 deste s\u00e1bado. A tropa ouviu a decis\u00e3o dos sete jurados, todos eles homens, de p\u00e9. Quase nenhum demonstrou rea\u00e7\u00e3o ao ouvir a senten\u00e7a.\u00a0Na decis\u00e3o, o juiz Camargo decidiu ainda que os nove PMs que ainda est\u00e3o na ativa dever\u00e3o perder seus cargos p\u00fablicos.<\/p>\n<p><em>Folha<\/em><\/p>\n","protected":false},"excerpt":{"rendered":"<p>&nbsp; Os 25 policiais militares acusados pela maioria das mortes ocorridas durante o massacre do Carandiru, h\u00e1 quase 21 anos, foram condenados na madrugada de hoje a 624 anos de pris\u00e3o cada um.\u00a0Os jurados consideraram que os policiais s\u00e3o os respons\u00e1veis por 52 por das 111 mortes ocorridas na Casa de Deten\u00e7\u00e3o em 2 de [&hellip;]<\/p>\n","protected":false},"author":2,"featured_media":0,"comment_status":"open","ping_status":"open","sticky":false,"template":"","format":"standard","meta":{"footnotes":"","_links_to":"","_links_to_target":""},"categories":[1],"tags":[],"class_list":["post-29128","post","type-post","status-publish","format-standard","hentry","category-geral"],"views":1484,"_links":{"self":[{"href":"https:\/\/www.sudoestehoje.com.br\/novoportal\/wp-json\/wp\/v2\/posts\/29128","targetHints":{"allow":["GET"]}}],"collection":[{"href":"https:\/\/www.sudoestehoje.com.br\/novoportal\/wp-json\/wp\/v2\/posts"}],"about":[{"href":"https:\/\/www.sudoestehoje.com.br\/novoportal\/wp-json\/wp\/v2\/types\/post"}],"author":[{"embeddable":true,"href":"https:\/\/www.sudoestehoje.com.br\/novoportal\/wp-json\/wp\/v2\/users\/2"}],"replies":[{"embeddable":true,"href":"https:\/\/www.sudoestehoje.com.br\/novoportal\/wp-json\/wp\/v2\/comments?post=29128"}],"version-history":[{"count":2,"href":"https:\/\/www.sudoestehoje.com.br\/novoportal\/wp-json\/wp\/v2\/posts\/29128\/revisions"}],"predecessor-version":[{"id":29131,"href":"https:\/\/www.sudoestehoje.com.br\/novoportal\/wp-json\/wp\/v2\/posts\/29128\/revisions\/29131"}],"wp:attachment":[{"href":"https:\/\/www.sudoestehoje.com.br\/novoportal\/wp-json\/wp\/v2\/media?parent=29128"}],"wp:term":[{"taxonomy":"category","embeddable":true,"href":"https:\/\/www.sudoestehoje.com.br\/novoportal\/wp-json\/wp\/v2\/categories?post=29128"},{"taxonomy":"post_tag","embeddable":true,"href":"https:\/\/www.sudoestehoje.com.br\/novoportal\/wp-json\/wp\/v2\/tags?post=29128"}],"curies":[{"name":"wp","href":"https:\/\/api.w.org\/{rel}","templated":true}]}}