
{"id":29122,"date":"2013-08-02T15:35:29","date_gmt":"2013-08-02T18:35:29","guid":{"rendered":"http:\/\/www.sudoestehoje.com.br\/novoportal\/?p=29122"},"modified":"2013-08-02T15:35:29","modified_gmt":"2013-08-02T18:35:29","slug":"supremo-decide-que-iptu-so-pode-ser-reajustado-por-lei","status":"publish","type":"post","link":"https:\/\/www.sudoestehoje.com.br\/novoportal\/2013\/08\/02\/supremo-decide-que-iptu-so-pode-ser-reajustado-por-lei\/","title":{"rendered":"SUPREMO DECIDE QUE IPTU S\u00d3 PODE SER REAJUSTADO POR LEI"},"content":{"rendered":"<p style=\"text-align: center;\"><a href=\"http:\/\/www.sudoestehoje.com.br\/novoportal\/wp-content\/uploads\/2013\/08\/BARROSO.jpg\"><img decoding=\"async\" class=\"aligncenter  wp-image-29123\" alt=\"BARROSO\" src=\"http:\/\/www.sudoestehoje.com.br\/novoportal\/wp-content\/uploads\/2013\/08\/BARROSO.jpg\" width=\"500\" \/><\/a><\/p>\n<p>&nbsp;<\/p>\n<p>Na sess\u00e3o de estreia do ministro Lu\u00eds Roberto Barroso no Supremo Tribunal Federal (STF), ficou decidido que as prefeituras n\u00e3o podem reajustar o Imposto Predial Territorial Urbano (PITU) por decreto quando uma lei j\u00e1 normatiza a cobran\u00e7a.<\/p>\n<p>A decis\u00e3o foi tomada a partir do julgamento do recurso interposto pela prefeitura de Belo Horizonte que pretendia derrubar a decis\u00e3o do Tribunal de Justi\u00e7a de Minas Gerais (TJ-MG) que impede o reajuste do IPTU por decreto. A decis\u00e3o un\u00e2nime ser\u00e1 aplicada em casos semelhantes devido a utiliza\u00e7\u00e3o da ferramenta da repercuss\u00e3o geral.<\/p>\n","protected":false},"excerpt":{"rendered":"<p>&nbsp; Na sess\u00e3o de estreia do ministro Lu\u00eds Roberto Barroso no Supremo Tribunal Federal (STF), ficou decidido que as prefeituras n\u00e3o podem reajustar o Imposto Predial Territorial Urbano (PITU) por decreto quando uma lei j\u00e1 normatiza a cobran\u00e7a. A decis\u00e3o foi tomada a partir do julgamento do recurso interposto pela prefeitura de Belo Horizonte que [&hellip;]<\/p>\n","protected":false},"author":2,"featured_media":0,"comment_status":"open","ping_status":"open","sticky":false,"template":"","format":"standard","meta":{"footnotes":"","_links_to":"","_links_to_target":""},"categories":[1],"tags":[],"class_list":["post-29122","post","type-post","status-publish","format-standard","hentry","category-geral"],"views":1177,"_links":{"self":[{"href":"https:\/\/www.sudoestehoje.com.br\/novoportal\/wp-json\/wp\/v2\/posts\/29122","targetHints":{"allow":["GET"]}}],"collection":[{"href":"https:\/\/www.sudoestehoje.com.br\/novoportal\/wp-json\/wp\/v2\/posts"}],"about":[{"href":"https:\/\/www.sudoestehoje.com.br\/novoportal\/wp-json\/wp\/v2\/types\/post"}],"author":[{"embeddable":true,"href":"https:\/\/www.sudoestehoje.com.br\/novoportal\/wp-json\/wp\/v2\/users\/2"}],"replies":[{"embeddable":true,"href":"https:\/\/www.sudoestehoje.com.br\/novoportal\/wp-json\/wp\/v2\/comments?post=29122"}],"version-history":[{"count":2,"href":"https:\/\/www.sudoestehoje.com.br\/novoportal\/wp-json\/wp\/v2\/posts\/29122\/revisions"}],"predecessor-version":[{"id":29125,"href":"https:\/\/www.sudoestehoje.com.br\/novoportal\/wp-json\/wp\/v2\/posts\/29122\/revisions\/29125"}],"wp:attachment":[{"href":"https:\/\/www.sudoestehoje.com.br\/novoportal\/wp-json\/wp\/v2\/media?parent=29122"}],"wp:term":[{"taxonomy":"category","embeddable":true,"href":"https:\/\/www.sudoestehoje.com.br\/novoportal\/wp-json\/wp\/v2\/categories?post=29122"},{"taxonomy":"post_tag","embeddable":true,"href":"https:\/\/www.sudoestehoje.com.br\/novoportal\/wp-json\/wp\/v2\/tags?post=29122"}],"curies":[{"name":"wp","href":"https:\/\/api.w.org\/{rel}","templated":true}]}}