
{"id":2911,"date":"2011-01-05T20:13:54","date_gmt":"2011-01-05T23:13:54","guid":{"rendered":"http:\/\/www.sudoestehoje.com.br\/novoportal\/?p=2911"},"modified":"2011-01-05T20:13:54","modified_gmt":"2011-01-05T23:13:54","slug":"pmdb-quer-divisao-igual-de-cargos-com-o-pt","status":"publish","type":"post","link":"https:\/\/www.sudoestehoje.com.br\/novoportal\/2011\/01\/05\/pmdb-quer-divisao-igual-de-cargos-com-o-pt\/","title":{"rendered":"PMDB QUER DIVIS\u00c3O IGUAL DE CARGOS COM O PT"},"content":{"rendered":"<p style=\"text-align: center;\"><img decoding=\"async\" class=\"aligncenter\" src=\"http:\/\/1.bp.blogspot.com\/_UihhH-TM_nw\/TOfXkyzoMPI\/AAAAAAAADYo\/usrUDTvQ-fw\/s400\/cargos+pt+e+pmdb.jpg\" alt=\"\" \/><\/p>\n<p>\u00a0<\/p>\n<p>A c\u00fapula do PMDB e seus principais ministros decidiram na noite de ter\u00e7a-feira (4) que v\u00e3o cobrar da presidente Dilma Rousseff tratamento de aliado de primeira hora e divis\u00e3o igual do poder com o PT. Os peemedebistas se reuniram na casa da governadora do Maranh\u00e3o, Roseana Sarney, e disseram que n\u00e3o aceitar\u00e3o ficar de fora das reuni\u00f5es de decis\u00e3o feitas no Planalto, al\u00e9m de\u00a0participar de\u00a0todos os conselhos pol\u00edticos de assessoria da chefe do Executivo nacional.<\/p>\n<p>Outra decis\u00e3o tomada pelo PMDB foi a de reagir ao an\u00fancio do ministro da Fazenda, Guido Mantega, de vetar emendas parlamentares que prop\u00f5em um valor de sal\u00e1rio m\u00ednimo acima dos R$ 540 fixados em Medida Provis\u00f3ria pelo governo do ex-presidente Lula, com o aval de Dilma.<\/p>\n<p>No encontro desta ter\u00e7a, ficou decidido que, al\u00e9m da emenda que aumenta o valor do m\u00ednimo, ser\u00e1 apresentado uma Proposta de Emenda Constitucional (PEC) que altera as regras para derrubar vetos do presidente. Pelo artigo 66 da Constitui\u00e7\u00e3o, se o Congresso quiser derrubar um veto presidencial, os parlamentares t\u00eam de faz\u00ea-lo por maioria absoluta das duas Casas reunidas em sess\u00e3o conjunta, no prazo de 30 dias, a contar do recebimento da mensagem do Planalto. Informa\u00e7\u00f5es do Estad\u00e3o.<\/p>\n","protected":false},"excerpt":{"rendered":"<p>\u00a0 A c\u00fapula do PMDB e seus principais ministros decidiram na noite de ter\u00e7a-feira (4) que v\u00e3o cobrar da presidente Dilma Rousseff tratamento de aliado de primeira hora e divis\u00e3o igual do poder com o PT. Os peemedebistas se reuniram na casa da governadora do Maranh\u00e3o, Roseana Sarney, e disseram que n\u00e3o aceitar\u00e3o ficar de [&hellip;]<\/p>\n","protected":false},"author":2,"featured_media":0,"comment_status":"open","ping_status":"open","sticky":false,"template":"","format":"standard","meta":{"footnotes":"","_links_to":"","_links_to_target":""},"categories":[1],"tags":[],"class_list":["post-2911","post","type-post","status-publish","format-standard","hentry","category-geral"],"views":1356,"_links":{"self":[{"href":"https:\/\/www.sudoestehoje.com.br\/novoportal\/wp-json\/wp\/v2\/posts\/2911","targetHints":{"allow":["GET"]}}],"collection":[{"href":"https:\/\/www.sudoestehoje.com.br\/novoportal\/wp-json\/wp\/v2\/posts"}],"about":[{"href":"https:\/\/www.sudoestehoje.com.br\/novoportal\/wp-json\/wp\/v2\/types\/post"}],"author":[{"embeddable":true,"href":"https:\/\/www.sudoestehoje.com.br\/novoportal\/wp-json\/wp\/v2\/users\/2"}],"replies":[{"embeddable":true,"href":"https:\/\/www.sudoestehoje.com.br\/novoportal\/wp-json\/wp\/v2\/comments?post=2911"}],"version-history":[{"count":2,"href":"https:\/\/www.sudoestehoje.com.br\/novoportal\/wp-json\/wp\/v2\/posts\/2911\/revisions"}],"predecessor-version":[{"id":2913,"href":"https:\/\/www.sudoestehoje.com.br\/novoportal\/wp-json\/wp\/v2\/posts\/2911\/revisions\/2913"}],"wp:attachment":[{"href":"https:\/\/www.sudoestehoje.com.br\/novoportal\/wp-json\/wp\/v2\/media?parent=2911"}],"wp:term":[{"taxonomy":"category","embeddable":true,"href":"https:\/\/www.sudoestehoje.com.br\/novoportal\/wp-json\/wp\/v2\/categories?post=2911"},{"taxonomy":"post_tag","embeddable":true,"href":"https:\/\/www.sudoestehoje.com.br\/novoportal\/wp-json\/wp\/v2\/tags?post=2911"}],"curies":[{"name":"wp","href":"https:\/\/api.w.org\/{rel}","templated":true}]}}