
{"id":29089,"date":"2013-08-01T13:17:57","date_gmt":"2013-08-01T16:17:57","guid":{"rendered":"http:\/\/www.sudoestehoje.com.br\/novoportal\/?p=29089"},"modified":"2013-08-01T13:17:57","modified_gmt":"2013-08-01T16:17:57","slug":"trecho-baiano-da-br-101-sera-privatizado-pelo-governo-federal","status":"publish","type":"post","link":"https:\/\/www.sudoestehoje.com.br\/novoportal\/2013\/08\/01\/trecho-baiano-da-br-101-sera-privatizado-pelo-governo-federal\/","title":{"rendered":"TRECHO BAIANO DA BR-101 SER\u00c1 PRIVATIZADO PELO GOVERNO FEDERAL"},"content":{"rendered":"<p><a href=\"http:\/\/www.sudoestehoje.com.br\/novoportal\/wp-content\/uploads\/2013\/08\/br101-bahia-foto-joa-souza.jpg\"><img loading=\"lazy\" decoding=\"async\" class=\"aligncenter size-medium wp-image-29090\" alt=\"br101-bahia-foto-joa-souza\" src=\"http:\/\/www.sudoestehoje.com.br\/novoportal\/wp-content\/uploads\/2013\/08\/br101-bahia-foto-joa-souza-500x288.jpg\" width=\"500\" height=\"288\" srcset=\"https:\/\/www.sudoestehoje.com.br\/novoportal\/wp-content\/uploads\/2013\/08\/br101-bahia-foto-joa-souza-500x288.jpg 500w, https:\/\/www.sudoestehoje.com.br\/novoportal\/wp-content\/uploads\/2013\/08\/br101-bahia-foto-joa-souza-700x403.jpg 700w, https:\/\/www.sudoestehoje.com.br\/novoportal\/wp-content\/uploads\/2013\/08\/br101-bahia-foto-joa-souza.jpg 955w\" sizes=\"auto, (max-width: 500px) 100vw, 500px\" \/><\/a><\/p>\n<p style=\"text-align: center;\"><em>101 ter\u00e1 9 pra\u00e7as de ped\u00e1gios a &#8216;pre\u00e7os m\u00f3dicos&#8217;, anuncia governo<\/em><\/p>\n<p>&nbsp;<\/p>\n<p>O governo federal anunciou, nesta quarta-feira (31), que privatizar\u00e1 um trecho da BR-101 que vai do extremo-sul baiano, no entroncamento com a BA-698, \u00e0 liga\u00e7\u00e3o com a BR-324. Os 772 quil\u00f4metros de extens\u00e3o dever\u00e3o ser duplicados e requalificados pela empresa vencedora da licita\u00e7\u00e3o, com um investimento previsto de R$ 3,58 bilh\u00f5es.\u00a0A decis\u00e3o foi publicada no Di\u00e1rio da Uni\u00e3o.<\/p>\n<p>A entrega \u00e0 iniciativa privada atende \u00e0 \u201cnecessidade de garantir investimentos\u201d mediante a cobran\u00e7a de \u201ctarifas m\u00f3dicas para os usu\u00e1rios\u201d. A concess\u00e3o ser\u00e1 pelo prazo de 30 anos, prorrog\u00e1veis pelo mesmo per\u00edodo. A escolha da empresa que administrar\u00e1 a via ser\u00e1 feita atrav\u00e9s de leil\u00e3o na Bolsa de Valores de S\u00e3o Paulo (Bovespa), em data a ser definida pelo Minist\u00e9rio dos Transportes.<\/p>\n<p>O projeto prev\u00ea nove pra\u00e7as de ped\u00e1gio \u2013 uma a cada 85 quil\u00f4metros \u2013, e estipula prazo de um ano para requalificar a via e de cinco anos para a duplica\u00e7\u00e3o.<\/p>\n","protected":false},"excerpt":{"rendered":"<p>101 ter\u00e1 9 pra\u00e7as de ped\u00e1gios a &#8216;pre\u00e7os m\u00f3dicos&#8217;, anuncia governo &nbsp; O governo federal anunciou, nesta quarta-feira (31), que privatizar\u00e1 um trecho da BR-101 que vai do extremo-sul baiano, no entroncamento com a BA-698, \u00e0 liga\u00e7\u00e3o com a BR-324. Os 772 quil\u00f4metros de extens\u00e3o dever\u00e3o ser duplicados e requalificados pela empresa vencedora da licita\u00e7\u00e3o, [&hellip;]<\/p>\n","protected":false},"author":2,"featured_media":0,"comment_status":"open","ping_status":"open","sticky":false,"template":"","format":"standard","meta":{"footnotes":"","_links_to":"","_links_to_target":""},"categories":[1],"tags":[],"class_list":["post-29089","post","type-post","status-publish","format-standard","hentry","category-geral"],"views":1964,"_links":{"self":[{"href":"https:\/\/www.sudoestehoje.com.br\/novoportal\/wp-json\/wp\/v2\/posts\/29089","targetHints":{"allow":["GET"]}}],"collection":[{"href":"https:\/\/www.sudoestehoje.com.br\/novoportal\/wp-json\/wp\/v2\/posts"}],"about":[{"href":"https:\/\/www.sudoestehoje.com.br\/novoportal\/wp-json\/wp\/v2\/types\/post"}],"author":[{"embeddable":true,"href":"https:\/\/www.sudoestehoje.com.br\/novoportal\/wp-json\/wp\/v2\/users\/2"}],"replies":[{"embeddable":true,"href":"https:\/\/www.sudoestehoje.com.br\/novoportal\/wp-json\/wp\/v2\/comments?post=29089"}],"version-history":[{"count":2,"href":"https:\/\/www.sudoestehoje.com.br\/novoportal\/wp-json\/wp\/v2\/posts\/29089\/revisions"}],"predecessor-version":[{"id":29092,"href":"https:\/\/www.sudoestehoje.com.br\/novoportal\/wp-json\/wp\/v2\/posts\/29089\/revisions\/29092"}],"wp:attachment":[{"href":"https:\/\/www.sudoestehoje.com.br\/novoportal\/wp-json\/wp\/v2\/media?parent=29089"}],"wp:term":[{"taxonomy":"category","embeddable":true,"href":"https:\/\/www.sudoestehoje.com.br\/novoportal\/wp-json\/wp\/v2\/categories?post=29089"},{"taxonomy":"post_tag","embeddable":true,"href":"https:\/\/www.sudoestehoje.com.br\/novoportal\/wp-json\/wp\/v2\/tags?post=29089"}],"curies":[{"name":"wp","href":"https:\/\/api.w.org\/{rel}","templated":true}]}}