
{"id":29082,"date":"2013-08-01T00:30:48","date_gmt":"2013-08-01T03:30:48","guid":{"rendered":"http:\/\/www.sudoestehoje.com.br\/novoportal\/?p=29082"},"modified":"2013-08-01T00:30:48","modified_gmt":"2013-08-01T03:30:48","slug":"fundacao-jose-silveira-fortalece-parceria-com-o-ministerio-publico","status":"publish","type":"post","link":"https:\/\/www.sudoestehoje.com.br\/novoportal\/2013\/08\/01\/fundacao-jose-silveira-fortalece-parceria-com-o-ministerio-publico\/","title":{"rendered":"FUNDA\u00c7\u00c3O JOS\u00c9 SILVEIRA FORTALECE PARCERIA COM O MINIST\u00c9RIO P\u00daBLICO"},"content":{"rendered":"<p><a href=\"http:\/\/www.sudoestehoje.com.br\/novoportal\/wp-content\/uploads\/2013\/08\/Foto-convenio-FJS-e-MP-Amargosa-300x200.jpg\"><img loading=\"lazy\" decoding=\"async\" class=\"size-full wp-image-29083 alignleft\" alt=\"Foto-convenio-FJS-e-MP-Amargosa-300x200\" src=\"http:\/\/www.sudoestehoje.com.br\/novoportal\/wp-content\/uploads\/2013\/08\/Foto-convenio-FJS-e-MP-Amargosa-300x200.jpg\" width=\"300\" height=\"200\" \/><\/a><\/p>\n<p>A Funda\u00e7\u00e3o Jos\u00e9 Silveira (FJS) firmou um conv\u00eanio com o Minist\u00e9rio P\u00fablico para cess\u00e3o de um im\u00f3vel destinado \u00e0 instala\u00e7\u00e3o da base ambiental do \u00f3rg\u00e3o no munic\u00edpio de Amargosa.<\/p>\n<p>A FJS tem atuado, ainda, junto ao \u00f3rg\u00e3o na elabora\u00e7\u00e3o de projetos de \u00e1reas de prote\u00e7\u00e3o ambiental e fiscaliza\u00e7\u00e3o de a\u00e7\u00f5es voltadas \u00e0 preserva\u00e7\u00e3o do meio ambiente. A base atender\u00e1 \u00e0 regi\u00e3o do Vale do Jiquiri\u00e7a, formada por 20 munic\u00edpios e uma popula\u00e7\u00e3o de mais de 300 mil habitantes.<\/p>\n<p>\u201cA iniciativa da Funda\u00e7\u00e3o beneficiar\u00e1 os trabalhos naquela comarca, com condi\u00e7\u00f5es adequadas para a atua\u00e7\u00e3o dos promotores\u201d, afirmou a procuradora geral da Justi\u00e7a adjunta, Sara Mandra Rusciolelli. Ela ressaltou a seriedade da FJS, \u201cinstitui\u00e7\u00e3o muito respeitada e reconhecida nacionalmente, que tem contribu\u00eddo para o trabalho do Minist\u00e9rio P\u00fablico em a\u00e7\u00f5es n\u00e3o s\u00f3 na \u00e1rea ambiental, mas no \u00e2mbito da sa\u00fade e da educa\u00e7\u00e3o\u201d.<\/p>\n<p>\u201c\u00c9 uma parceria de longa data, que tem resultado em a\u00e7\u00f5es de amplo alcance social, de impacto muito positivo\u201d, salientou o presidente do Conselho de Curadores da Funda\u00e7\u00e3o Jos\u00e9 Silveira, Geraldo Leite, no ato de assinatura do conv\u00eanio.<\/p>\n","protected":false},"excerpt":{"rendered":"<p>A Funda\u00e7\u00e3o Jos\u00e9 Silveira (FJS) firmou um conv\u00eanio com o Minist\u00e9rio P\u00fablico para cess\u00e3o de um im\u00f3vel destinado \u00e0 instala\u00e7\u00e3o da base ambiental do \u00f3rg\u00e3o no munic\u00edpio de Amargosa. A FJS tem atuado, ainda, junto ao \u00f3rg\u00e3o na elabora\u00e7\u00e3o de projetos de \u00e1reas de prote\u00e7\u00e3o ambiental e fiscaliza\u00e7\u00e3o de a\u00e7\u00f5es voltadas \u00e0 preserva\u00e7\u00e3o do meio [&hellip;]<\/p>\n","protected":false},"author":2,"featured_media":0,"comment_status":"open","ping_status":"open","sticky":false,"template":"","format":"standard","meta":{"footnotes":"","_links_to":"","_links_to_target":""},"categories":[1],"tags":[],"class_list":["post-29082","post","type-post","status-publish","format-standard","hentry","category-geral"],"views":1296,"_links":{"self":[{"href":"https:\/\/www.sudoestehoje.com.br\/novoportal\/wp-json\/wp\/v2\/posts\/29082","targetHints":{"allow":["GET"]}}],"collection":[{"href":"https:\/\/www.sudoestehoje.com.br\/novoportal\/wp-json\/wp\/v2\/posts"}],"about":[{"href":"https:\/\/www.sudoestehoje.com.br\/novoportal\/wp-json\/wp\/v2\/types\/post"}],"author":[{"embeddable":true,"href":"https:\/\/www.sudoestehoje.com.br\/novoportal\/wp-json\/wp\/v2\/users\/2"}],"replies":[{"embeddable":true,"href":"https:\/\/www.sudoestehoje.com.br\/novoportal\/wp-json\/wp\/v2\/comments?post=29082"}],"version-history":[{"count":1,"href":"https:\/\/www.sudoestehoje.com.br\/novoportal\/wp-json\/wp\/v2\/posts\/29082\/revisions"}],"predecessor-version":[{"id":29084,"href":"https:\/\/www.sudoestehoje.com.br\/novoportal\/wp-json\/wp\/v2\/posts\/29082\/revisions\/29084"}],"wp:attachment":[{"href":"https:\/\/www.sudoestehoje.com.br\/novoportal\/wp-json\/wp\/v2\/media?parent=29082"}],"wp:term":[{"taxonomy":"category","embeddable":true,"href":"https:\/\/www.sudoestehoje.com.br\/novoportal\/wp-json\/wp\/v2\/categories?post=29082"},{"taxonomy":"post_tag","embeddable":true,"href":"https:\/\/www.sudoestehoje.com.br\/novoportal\/wp-json\/wp\/v2\/tags?post=29082"}],"curies":[{"name":"wp","href":"https:\/\/api.w.org\/{rel}","templated":true}]}}