
{"id":2907,"date":"2011-01-05T07:42:17","date_gmt":"2011-01-05T10:42:17","guid":{"rendered":"http:\/\/www.sudoestehoje.com.br\/novoportal\/?p=2907"},"modified":"2011-01-05T07:42:17","modified_gmt":"2011-01-05T10:42:17","slug":"lula-usufrui-de-ferias-custeadas-pela-viuva","status":"publish","type":"post","link":"https:\/\/www.sudoestehoje.com.br\/novoportal\/2011\/01\/05\/lula-usufrui-de-ferias-custeadas-pela-viuva\/","title":{"rendered":"LULA USUFRUI DE F\u00c9RIAS CUSTEADAS PELA &#8216;VI\u00daVA&#8217;"},"content":{"rendered":"<div style=\"text-align: center;\">Divulga\u00e7\u00e3o<\/div>\n<p>\u00a0<\/p>\n<div><a href=\"http:\/\/www.politicalivre.com.br\/wp-content\/uploads\/2011\/01\/41.jpg\"><\/a><\/div>\n<p style=\"text-align: center;\"><img loading=\"lazy\" decoding=\"async\" title=\"41\" src=\"http:\/\/www.politicalivre.com.br\/wp-content\/uploads\/2011\/01\/41-300x197.jpg\" alt=\"\" width=\"300\" height=\"197\" \/><\/p>\n<div style=\"text-align: center;\"><strong>Lula ainda usufrui das benesses do poder<\/strong><\/div>\n<p>\u00a0<\/p>\n<p>Quatro dias depois de deixar a Presid\u00eancia, Lula foi descansar \u00e0 beira mar. Deixou seu apartamento, em S\u00e3o Bernardo, por volta de 10h30 desta ter\u00e7a. Acompanhado da mulher, Marisa, filhos e netos, foi para o Guaruj\u00e1 (SP). Hospedou-se no Forte dos Andradas, uma unidade pertencente ao Ex\u00e9rcito. Durante seus dois reinados, Lula esteve v\u00e1rias vezes na fortifica\u00e7\u00e3o. Para abrig\u00e1-lo com mais conforto, construiu-se uma su\u00edte presidencial. Oferece boa acomoda\u00e7\u00e3o, comida honesta, seguran\u00e7a e praia privativa. Os direitos dos ex-presidentes da Rep\u00fablica est\u00e3o regulados em decreto. Atualizado pelo pr\u00f3prio Lula em fevereiro de 2008, leva o n\u00famero 6.381. Prev\u00ea que o er\u00e1rio prover\u00e1 aos ex-dignat\u00e1rios dois carros e oito servidores. S\u00e3o quatro seguran\u00e7as, um par de motoristas e dois assessores pessoais. Leia mais no <a href=\"http:\/\/josiasdesouza.folha.blog.uol.com.br\/\" target=\"_blank\">Blog do Josias<\/a>.<\/p>\n","protected":false},"excerpt":{"rendered":"<p>Divulga\u00e7\u00e3o \u00a0 Lula ainda usufrui das benesses do poder \u00a0 Quatro dias depois de deixar a Presid\u00eancia, Lula foi descansar \u00e0 beira mar. Deixou seu apartamento, em S\u00e3o Bernardo, por volta de 10h30 desta ter\u00e7a. Acompanhado da mulher, Marisa, filhos e netos, foi para o Guaruj\u00e1 (SP). Hospedou-se no Forte dos Andradas, uma unidade pertencente [&hellip;]<\/p>\n","protected":false},"author":2,"featured_media":0,"comment_status":"open","ping_status":"open","sticky":false,"template":"","format":"standard","meta":{"footnotes":"","_links_to":"","_links_to_target":""},"categories":[1],"tags":[],"class_list":["post-2907","post","type-post","status-publish","format-standard","hentry","category-geral"],"views":1425,"_links":{"self":[{"href":"https:\/\/www.sudoestehoje.com.br\/novoportal\/wp-json\/wp\/v2\/posts\/2907","targetHints":{"allow":["GET"]}}],"collection":[{"href":"https:\/\/www.sudoestehoje.com.br\/novoportal\/wp-json\/wp\/v2\/posts"}],"about":[{"href":"https:\/\/www.sudoestehoje.com.br\/novoportal\/wp-json\/wp\/v2\/types\/post"}],"author":[{"embeddable":true,"href":"https:\/\/www.sudoestehoje.com.br\/novoportal\/wp-json\/wp\/v2\/users\/2"}],"replies":[{"embeddable":true,"href":"https:\/\/www.sudoestehoje.com.br\/novoportal\/wp-json\/wp\/v2\/comments?post=2907"}],"version-history":[{"count":3,"href":"https:\/\/www.sudoestehoje.com.br\/novoportal\/wp-json\/wp\/v2\/posts\/2907\/revisions"}],"predecessor-version":[{"id":2910,"href":"https:\/\/www.sudoestehoje.com.br\/novoportal\/wp-json\/wp\/v2\/posts\/2907\/revisions\/2910"}],"wp:attachment":[{"href":"https:\/\/www.sudoestehoje.com.br\/novoportal\/wp-json\/wp\/v2\/media?parent=2907"}],"wp:term":[{"taxonomy":"category","embeddable":true,"href":"https:\/\/www.sudoestehoje.com.br\/novoportal\/wp-json\/wp\/v2\/categories?post=2907"},{"taxonomy":"post_tag","embeddable":true,"href":"https:\/\/www.sudoestehoje.com.br\/novoportal\/wp-json\/wp\/v2\/tags?post=2907"}],"curies":[{"name":"wp","href":"https:\/\/api.w.org\/{rel}","templated":true}]}}