
{"id":29046,"date":"2013-07-31T11:01:45","date_gmt":"2013-07-31T14:01:45","guid":{"rendered":"http:\/\/www.sudoestehoje.com.br\/novoportal\/?p=29046"},"modified":"2013-07-31T11:01:45","modified_gmt":"2013-07-31T14:01:45","slug":"candidato-do-pt-sera-anunciado-ate-o-final-do-ano-afirma-rui-costa","status":"publish","type":"post","link":"https:\/\/www.sudoestehoje.com.br\/novoportal\/2013\/07\/31\/candidato-do-pt-sera-anunciado-ate-o-final-do-ano-afirma-rui-costa\/","title":{"rendered":"CANDIDATO DO PT SER\u00c1 ANUNCIADO AT\u00c9 O FINAL DO ANO, AFIRMA RUI COSTA"},"content":{"rendered":"<p><a href=\"http:\/\/www.sudoestehoje.com.br\/novoportal\/wp-content\/uploads\/2013\/07\/RUI.jpg\"><img decoding=\"async\" class=\"wp-image-29047 alignleft\" alt=\"RUI\" src=\"http:\/\/www.sudoestehoje.com.br\/novoportal\/wp-content\/uploads\/2013\/07\/RUI.jpg\" width=\"300\" \/><\/a><\/p>\n<p>O secret\u00e1rio da Casa Civil, Rui Costa, disse hoje (31) que o governador Jaques Wagner anunciar\u00e1 o candidato do PT \u00e0 sucess\u00e3o estadual at\u00e9 o final deste ano.\u00a0A decis\u00e3o, segundo Rui, ser\u00e1 tomada a partir do di\u00e1logo com os partidos da base aliada, movimentos sociais, lideran\u00e7as e prefeitos. \u201cJuntos com todos eles ser\u00e1 formado um ju\u00edzo de valor para at\u00e9 o final do ano definir quem ser\u00e1 o candidato\u201d.<\/p>\n<p>Rui Costa, que foi eleito deputado federal, \u00e9 um dos pr\u00e9-candidatos a governador pelo Partido dos Trabalhadores. Na disputada interna h\u00e1 tamb\u00e9m o secret\u00e1rio de Planejamento da Bahia, Jos\u00e9 S\u00e9rgio Gabrielli, o senador Walter Pinheiro e o ex-prefeito de Cama\u00e7ari e ex-presidente da UPB Lu\u00eds Caetano.<\/p>\n<p>Por outros partidos, tamb\u00e9m pretendem se candidatar \u2013 com o apoio do governador \u2013 a senadora L\u00eddice da Mata (PSB) e o presidente da Assembleia Legislativa, deputado Marcelo Nilo (PDT). Outro nome ventilado \u00e9 o do vice-governador, Otto Alencar (PSD). Rui Costa exp\u00f4s o plano do PT durante entrevista ao programa\u00a0<em>Acorda Pra Vida\u00a0<\/em>(Tudo FM).<\/p>\n","protected":false},"excerpt":{"rendered":"<p>O secret\u00e1rio da Casa Civil, Rui Costa, disse hoje (31) que o governador Jaques Wagner anunciar\u00e1 o candidato do PT \u00e0 sucess\u00e3o estadual at\u00e9 o final deste ano.\u00a0A decis\u00e3o, segundo Rui, ser\u00e1 tomada a partir do di\u00e1logo com os partidos da base aliada, movimentos sociais, lideran\u00e7as e prefeitos. \u201cJuntos com todos eles ser\u00e1 formado um [&hellip;]<\/p>\n","protected":false},"author":2,"featured_media":0,"comment_status":"open","ping_status":"open","sticky":false,"template":"","format":"standard","meta":{"footnotes":"","_links_to":"","_links_to_target":""},"categories":[1],"tags":[],"class_list":["post-29046","post","type-post","status-publish","format-standard","hentry","category-geral"],"views":1345,"_links":{"self":[{"href":"https:\/\/www.sudoestehoje.com.br\/novoportal\/wp-json\/wp\/v2\/posts\/29046","targetHints":{"allow":["GET"]}}],"collection":[{"href":"https:\/\/www.sudoestehoje.com.br\/novoportal\/wp-json\/wp\/v2\/posts"}],"about":[{"href":"https:\/\/www.sudoestehoje.com.br\/novoportal\/wp-json\/wp\/v2\/types\/post"}],"author":[{"embeddable":true,"href":"https:\/\/www.sudoestehoje.com.br\/novoportal\/wp-json\/wp\/v2\/users\/2"}],"replies":[{"embeddable":true,"href":"https:\/\/www.sudoestehoje.com.br\/novoportal\/wp-json\/wp\/v2\/comments?post=29046"}],"version-history":[{"count":3,"href":"https:\/\/www.sudoestehoje.com.br\/novoportal\/wp-json\/wp\/v2\/posts\/29046\/revisions"}],"predecessor-version":[{"id":29050,"href":"https:\/\/www.sudoestehoje.com.br\/novoportal\/wp-json\/wp\/v2\/posts\/29046\/revisions\/29050"}],"wp:attachment":[{"href":"https:\/\/www.sudoestehoje.com.br\/novoportal\/wp-json\/wp\/v2\/media?parent=29046"}],"wp:term":[{"taxonomy":"category","embeddable":true,"href":"https:\/\/www.sudoestehoje.com.br\/novoportal\/wp-json\/wp\/v2\/categories?post=29046"},{"taxonomy":"post_tag","embeddable":true,"href":"https:\/\/www.sudoestehoje.com.br\/novoportal\/wp-json\/wp\/v2\/tags?post=29046"}],"curies":[{"name":"wp","href":"https:\/\/api.w.org\/{rel}","templated":true}]}}