
{"id":2904,"date":"2011-01-05T07:19:19","date_gmt":"2011-01-05T10:19:19","guid":{"rendered":"http:\/\/www.sudoestehoje.com.br\/novoportal\/?p=2904"},"modified":"2011-01-05T07:19:19","modified_gmt":"2011-01-05T10:19:19","slug":"segundo-turno","status":"publish","type":"post","link":"https:\/\/www.sudoestehoje.com.br\/novoportal\/2011\/01\/05\/segundo-turno\/","title":{"rendered":"SEGUNDO TURNO"},"content":{"rendered":"<p style=\"text-align: center;\"><a href=\"http:\/\/www.google.com.br\/imgres?imgurl=http:\/\/www.nucleodenoticias.com.br\/wp-content\/gallery\/wagner\/DSC03224.jpg&amp;imgrefurl=http:\/\/www.nucleodenoticias.com.br\/2008\/05\/31\/wagner-anuncia-100-milhoes-em-obras-para-conquista\/&amp;usg=___dx0Rx2ieso0uHIvaVLMivpg_PY=&amp;h=338&amp;w=450&amp;sz=62&amp;hl=pt-br&amp;start=71&amp;zoom=1&amp;um=1&amp;itbs=1&amp;tbnid=5EmSWbwIDL7HpM:&amp;tbnh=95&amp;tbnw=127&amp;prev=\/images%3Fq%3Dwagner%2Bz%25C3%25A9%2Braimundo%26start%3D60%26um%3D1%26hl%3Dpt-br%26sa%3DN%26rlz%3D1R2SKPB_pt-BRBR354%26ndsp%3D20%26tbs%3Disch:1\"><img loading=\"lazy\" decoding=\"async\" class=\"aligncenter\" src=\"http:\/\/t2.gstatic.com\/images?q=tbn:5EmSWbwIDL7HpM:\" alt=\"\" width=\"127\" height=\"95\" \/><\/a><\/p>\n<p>A pr\u00f3xima elei\u00e7\u00e3o\u00a0para prefeito em Vit\u00f3ria da Conquista ser\u00e1 disputada em\u00a0dois turnos, considerando que a cidade\u00a0j\u00e1 possui mais de 200 mil eleitores cadastrados. Com isto\u00a0j\u00e1 se comenta com naturalidade a possibilidade das seguintes candidaturas a prefeito em 2012: Jean Fabr\u00edcio (PCdoB), M\u00e3o Branca (PV), Herzem Gusm\u00e3o (PMDB), Nilo Coelho (PSDB), Jo\u00e1s Meira (PSB), Claudionor Dutra (PSDB), Jos\u00e9 Raimundo (PT) e Cl\u00f3vis Ferraz (DEM) al\u00e9m do atual prefeito. No PT, partido que governa a cidade h\u00e1 quase 15 anos, existe um n\u00f3 a ser desatado: Guilherme, o atual prefeito, quer a reelei\u00e7\u00e3o, mas est\u00e1 muito desgastado e pode ser obrigado a abrir m\u00e3o da candidatura em favor de Z\u00e9 Raimundo, deputado estadual mais votado da cidade e o preferido de Wagner.<\/p>\n","protected":false},"excerpt":{"rendered":"<p>A pr\u00f3xima elei\u00e7\u00e3o\u00a0para prefeito em Vit\u00f3ria da Conquista ser\u00e1 disputada em\u00a0dois turnos, considerando que a cidade\u00a0j\u00e1 possui mais de 200 mil eleitores cadastrados. Com isto\u00a0j\u00e1 se comenta com naturalidade a possibilidade das seguintes candidaturas a prefeito em 2012: Jean Fabr\u00edcio (PCdoB), M\u00e3o Branca (PV), Herzem Gusm\u00e3o (PMDB), Nilo Coelho (PSDB), Jo\u00e1s Meira (PSB), Claudionor Dutra [&hellip;]<\/p>\n","protected":false},"author":2,"featured_media":0,"comment_status":"open","ping_status":"open","sticky":false,"template":"","format":"standard","meta":{"footnotes":"","_links_to":"","_links_to_target":""},"categories":[11],"tags":[],"class_list":["post-2904","post","type-post","status-publish","format-standard","hentry","category-quentinhas"],"views":1278,"_links":{"self":[{"href":"https:\/\/www.sudoestehoje.com.br\/novoportal\/wp-json\/wp\/v2\/posts\/2904","targetHints":{"allow":["GET"]}}],"collection":[{"href":"https:\/\/www.sudoestehoje.com.br\/novoportal\/wp-json\/wp\/v2\/posts"}],"about":[{"href":"https:\/\/www.sudoestehoje.com.br\/novoportal\/wp-json\/wp\/v2\/types\/post"}],"author":[{"embeddable":true,"href":"https:\/\/www.sudoestehoje.com.br\/novoportal\/wp-json\/wp\/v2\/users\/2"}],"replies":[{"embeddable":true,"href":"https:\/\/www.sudoestehoje.com.br\/novoportal\/wp-json\/wp\/v2\/comments?post=2904"}],"version-history":[{"count":2,"href":"https:\/\/www.sudoestehoje.com.br\/novoportal\/wp-json\/wp\/v2\/posts\/2904\/revisions"}],"predecessor-version":[{"id":2906,"href":"https:\/\/www.sudoestehoje.com.br\/novoportal\/wp-json\/wp\/v2\/posts\/2904\/revisions\/2906"}],"wp:attachment":[{"href":"https:\/\/www.sudoestehoje.com.br\/novoportal\/wp-json\/wp\/v2\/media?parent=2904"}],"wp:term":[{"taxonomy":"category","embeddable":true,"href":"https:\/\/www.sudoestehoje.com.br\/novoportal\/wp-json\/wp\/v2\/categories?post=2904"},{"taxonomy":"post_tag","embeddable":true,"href":"https:\/\/www.sudoestehoje.com.br\/novoportal\/wp-json\/wp\/v2\/tags?post=2904"}],"curies":[{"name":"wp","href":"https:\/\/api.w.org\/{rel}","templated":true}]}}