
{"id":28989,"date":"2013-07-29T17:20:13","date_gmt":"2013-07-29T20:20:13","guid":{"rendered":"http:\/\/www.sudoestehoje.com.br\/novoportal\/?p=28989"},"modified":"2013-07-29T17:20:13","modified_gmt":"2013-07-29T20:20:13","slug":"e-um-secretario-querendo-comer-o-outro-afirma-vereador-amaral","status":"publish","type":"post","link":"https:\/\/www.sudoestehoje.com.br\/novoportal\/2013\/07\/29\/e-um-secretario-querendo-comer-o-outro-afirma-vereador-amaral\/","title":{"rendered":"&#8220;\u00c9 UM SECRET\u00c1RIO QUERENDO COMER O OUTRO&#8221;, AFIRMA VEREADOR AMARAL"},"content":{"rendered":"<p><a href=\"http:\/\/www.sudoestehoje.com.br\/novoportal\/wp-content\/uploads\/2013\/07\/M-Amaral-300x273.jpg\"><img decoding=\"async\" class=\" wp-image-28990 alignleft\" alt=\"M-Amaral-300x273\" src=\"http:\/\/www.sudoestehoje.com.br\/novoportal\/wp-content\/uploads\/2013\/07\/M-Amaral-300x273.jpg\" width=\"250\" \/><\/a><\/p>\n<p>Durante entrevista concedida ao Programa \u201cNa Boca do Povo\u201d, apresentado por Z\u00e9 Elias, na R\u00e1dio Fascina\u00e7\u00e3o, no \u00faltimo s\u00e1bado (27), o vereador e radialista Amaral Jr. (PRP), fez duras cr\u00edticas \u00e0 atua\u00e7\u00e3o de alguns secret\u00e1rios municipais. Segundo palavras do vereador governista, <em>\u201cno governo de JCM, \u00e9 um secret\u00e1rio querendo comer o outro\u201d<\/em>, numa refer\u00eancia \u00e0 falta de entendimento entre os secret\u00e1rios municipais,<\/p>\n<p>Nas suas cr\u00edticas ao secretariado do governo petista, o edil priorizou em tecer seu apimentado coment\u00e1rio \u00e0 figura do Chefe de Gabinete \u00a0Jeremias Pereira, que segundo o Amaral, vem &#8220;filtrando&#8221; o prefeito dos pontos negativos da administra\u00e7\u00e3o, ou seja, levando ao conhecimento do fraco gestor apenas os &#8220;pontos positivos&#8221;.<\/p>\n<p>Pelo visto, o esfor\u00e7ado Jeremias deve estar fazendo verdadeiros milagres&#8230;<\/p>\n<p><em>Informa\u00e7\u00f5es do Diga Diga<\/em><\/p>\n","protected":false},"excerpt":{"rendered":"<p>Durante entrevista concedida ao Programa \u201cNa Boca do Povo\u201d, apresentado por Z\u00e9 Elias, na R\u00e1dio Fascina\u00e7\u00e3o, no \u00faltimo s\u00e1bado (27), o vereador e radialista Amaral Jr. (PRP), fez duras cr\u00edticas \u00e0 atua\u00e7\u00e3o de alguns secret\u00e1rios municipais. Segundo palavras do vereador governista, \u201cno governo de JCM, \u00e9 um secret\u00e1rio querendo comer o outro\u201d, numa refer\u00eancia \u00e0 [&hellip;]<\/p>\n","protected":false},"author":2,"featured_media":0,"comment_status":"open","ping_status":"open","sticky":false,"template":"","format":"standard","meta":{"footnotes":"","_links_to":"","_links_to_target":""},"categories":[1],"tags":[],"class_list":["post-28989","post","type-post","status-publish","format-standard","hentry","category-geral"],"views":1468,"_links":{"self":[{"href":"https:\/\/www.sudoestehoje.com.br\/novoportal\/wp-json\/wp\/v2\/posts\/28989","targetHints":{"allow":["GET"]}}],"collection":[{"href":"https:\/\/www.sudoestehoje.com.br\/novoportal\/wp-json\/wp\/v2\/posts"}],"about":[{"href":"https:\/\/www.sudoestehoje.com.br\/novoportal\/wp-json\/wp\/v2\/types\/post"}],"author":[{"embeddable":true,"href":"https:\/\/www.sudoestehoje.com.br\/novoportal\/wp-json\/wp\/v2\/users\/2"}],"replies":[{"embeddable":true,"href":"https:\/\/www.sudoestehoje.com.br\/novoportal\/wp-json\/wp\/v2\/comments?post=28989"}],"version-history":[{"count":2,"href":"https:\/\/www.sudoestehoje.com.br\/novoportal\/wp-json\/wp\/v2\/posts\/28989\/revisions"}],"predecessor-version":[{"id":28992,"href":"https:\/\/www.sudoestehoje.com.br\/novoportal\/wp-json\/wp\/v2\/posts\/28989\/revisions\/28992"}],"wp:attachment":[{"href":"https:\/\/www.sudoestehoje.com.br\/novoportal\/wp-json\/wp\/v2\/media?parent=28989"}],"wp:term":[{"taxonomy":"category","embeddable":true,"href":"https:\/\/www.sudoestehoje.com.br\/novoportal\/wp-json\/wp\/v2\/categories?post=28989"},{"taxonomy":"post_tag","embeddable":true,"href":"https:\/\/www.sudoestehoje.com.br\/novoportal\/wp-json\/wp\/v2\/tags?post=28989"}],"curies":[{"name":"wp","href":"https:\/\/api.w.org\/{rel}","templated":true}]}}