
{"id":28974,"date":"2013-07-28T13:07:21","date_gmt":"2013-07-28T16:07:21","guid":{"rendered":"http:\/\/www.sudoestehoje.com.br\/novoportal\/?p=28974"},"modified":"2013-07-28T13:07:21","modified_gmt":"2013-07-28T16:07:21","slug":"roubalheira-no-atacado-e-no-varejo","status":"publish","type":"post","link":"https:\/\/www.sudoestehoje.com.br\/novoportal\/2013\/07\/28\/roubalheira-no-atacado-e-no-varejo\/","title":{"rendered":"ROUBALHEIRA NO ATACADO E NO VAREJO"},"content":{"rendered":"<p><a href=\"http:\/\/www.sudoestehoje.com.br\/novoportal\/wp-content\/uploads\/2013\/07\/imagesd-horz-1.jpg\"><img loading=\"lazy\" decoding=\"async\" class=\"size-full wp-image-28975 alignleft\" alt=\"imagesd-horz (1)\" src=\"http:\/\/www.sudoestehoje.com.br\/novoportal\/wp-content\/uploads\/2013\/07\/imagesd-horz-1.jpg\" width=\"270\" height=\"173\" \/><\/a><\/p>\n<p>A sa\u00fade p\u00fablica em Itapetinga est\u00e1 totalmente comprometida, e n\u00e3o vem de hoje, com den\u00fancias e mais den\u00fancias de crimes de corrup\u00e7\u00e3o, peculato e concuss\u00e3o, praticados por servidores que ocupam cargos de destaque na Secretaria Municipal de Sa\u00fade. No olho do furac\u00e3o, est\u00e3o a pr\u00f3pria secret\u00e1ria de sa\u00fade, o coordenador do SAMU 192 e outros ocupantes de cargos na secretaria, que v\u00eam sendo constantemente apontados como chefes de um esquema de uso indevido de di\u00e1rias e outras mazelas indecorosas, no uso dos recursos p\u00fablicos.<\/p>\n<p>Com a sujeira escancarada, devido aos sinais de enriquecimento il\u00edcito externados pelos pr\u00f3prios envolvidos, o alerta parece ter sido acionado e a casa pode come\u00e7ar a cair para os famosos malfeitores, que sa\u00edram do nada, para esbanjar vida de bacana, \u00e0s custas dos er\u00e1rio.<\/p>\n<p>Se o prefeito Z\u00e9 Carlos tivesse um pouco de discernimento e n\u00e3o estivesse tamb\u00e9m envolvido com gente da pior esp\u00e9cie dentro do seu pr\u00f3prio gabinete, passaria o rodo nessa gentalha desonesta e perigosa, a bem do servi\u00e7o p\u00fablico. Como n\u00e3o tem topete nem coragem para isto, vai empurrar a sujeira para debaixo do tapete, como tem feito at\u00e9 agora.<\/p>\n<p>A corrup\u00e7\u00e3o no munic\u00edpio \u00e9 generalizada, no atacado e no varejo, e o nosso glorioso Minist\u00e9rio P\u00fablico continua hibernando. Uma hora ele vai ter que acordar&#8230;<\/p>\n<p><strong><em>Por Davi Ferraz\u00a0<\/em><\/strong><\/p>\n","protected":false},"excerpt":{"rendered":"<p>A sa\u00fade p\u00fablica em Itapetinga est\u00e1 totalmente comprometida, e n\u00e3o vem de hoje, com den\u00fancias e mais den\u00fancias de crimes de corrup\u00e7\u00e3o, peculato e concuss\u00e3o, praticados por servidores que ocupam cargos de destaque na Secretaria Municipal de Sa\u00fade. No olho do furac\u00e3o, est\u00e3o a pr\u00f3pria secret\u00e1ria de sa\u00fade, o coordenador do SAMU 192 e outros [&hellip;]<\/p>\n","protected":false},"author":2,"featured_media":0,"comment_status":"open","ping_status":"open","sticky":false,"template":"","format":"standard","meta":{"footnotes":"","_links_to":"","_links_to_target":""},"categories":[1],"tags":[],"class_list":["post-28974","post","type-post","status-publish","format-standard","hentry","category-geral"],"views":1455,"_links":{"self":[{"href":"https:\/\/www.sudoestehoje.com.br\/novoportal\/wp-json\/wp\/v2\/posts\/28974","targetHints":{"allow":["GET"]}}],"collection":[{"href":"https:\/\/www.sudoestehoje.com.br\/novoportal\/wp-json\/wp\/v2\/posts"}],"about":[{"href":"https:\/\/www.sudoestehoje.com.br\/novoportal\/wp-json\/wp\/v2\/types\/post"}],"author":[{"embeddable":true,"href":"https:\/\/www.sudoestehoje.com.br\/novoportal\/wp-json\/wp\/v2\/users\/2"}],"replies":[{"embeddable":true,"href":"https:\/\/www.sudoestehoje.com.br\/novoportal\/wp-json\/wp\/v2\/comments?post=28974"}],"version-history":[{"count":3,"href":"https:\/\/www.sudoestehoje.com.br\/novoportal\/wp-json\/wp\/v2\/posts\/28974\/revisions"}],"predecessor-version":[{"id":28978,"href":"https:\/\/www.sudoestehoje.com.br\/novoportal\/wp-json\/wp\/v2\/posts\/28974\/revisions\/28978"}],"wp:attachment":[{"href":"https:\/\/www.sudoestehoje.com.br\/novoportal\/wp-json\/wp\/v2\/media?parent=28974"}],"wp:term":[{"taxonomy":"category","embeddable":true,"href":"https:\/\/www.sudoestehoje.com.br\/novoportal\/wp-json\/wp\/v2\/categories?post=28974"},{"taxonomy":"post_tag","embeddable":true,"href":"https:\/\/www.sudoestehoje.com.br\/novoportal\/wp-json\/wp\/v2\/tags?post=28974"}],"curies":[{"name":"wp","href":"https:\/\/api.w.org\/{rel}","templated":true}]}}