
{"id":28940,"date":"2013-07-27T21:45:09","date_gmt":"2013-07-28T00:45:09","guid":{"rendered":"http:\/\/www.sudoestehoje.com.br\/novoportal\/?p=28940"},"modified":"2013-07-27T21:45:09","modified_gmt":"2013-07-28T00:45:09","slug":"mercadante-procurou-temer-para-tentar-derrubar-mantega","status":"publish","type":"post","link":"https:\/\/www.sudoestehoje.com.br\/novoportal\/2013\/07\/27\/mercadante-procurou-temer-para-tentar-derrubar-mantega\/","title":{"rendered":"MERCADANTE PROCUROU TEMER PARA TENTAR DERRUBAR MANTEGA"},"content":{"rendered":"<p><a href=\"http:\/\/www.sudoestehoje.com.br\/novoportal\/wp-content\/uploads\/2013\/07\/mantega-mercadante-size-598.jpg\"><img loading=\"lazy\" decoding=\"async\" class=\"aligncenter size-medium wp-image-28941\" alt=\"mantega-mercadante-size-598\" src=\"http:\/\/www.sudoestehoje.com.br\/novoportal\/wp-content\/uploads\/2013\/07\/mantega-mercadante-size-598-500x281.jpg\" width=\"500\" height=\"281\" srcset=\"https:\/\/www.sudoestehoje.com.br\/novoportal\/wp-content\/uploads\/2013\/07\/mantega-mercadante-size-598-500x281.jpg 500w, https:\/\/www.sudoestehoje.com.br\/novoportal\/wp-content\/uploads\/2013\/07\/mantega-mercadante-size-598.jpg 597w\" sizes=\"auto, (max-width: 500px) 100vw, 500px\" \/><\/a><\/p>\n<p><strong><em>Veja<\/em><\/strong><\/p>\n<p>A mete\u00f3rica queda de popularidade dos governantes n\u00e3o foi a \u00fanica consequ\u00eancia imediata dos protestos que tomaram as ruas do pa\u00eds h\u00e1 pouco mais de um m\u00eas. Eles tamb\u00e9m desestabilizaram governos e alian\u00e7as pol\u00edticas que se mantinham unidos diante da perspectiva &#8212; cada vez mais incerta &#8212; de vit\u00f3ria nas elei\u00e7\u00f5es de 2014.<\/p>\n<p>Na semana passada, um graduado auxiliar da presidente Dilma Rousseff fez o seguinte diagn\u00f3stico: \u201cO clima no governo nunca esteve t\u00e3o ruim. \u00c9 um clima de barata voa, muito fogo amigo, ministro atacando ministro, uma situa\u00e7\u00e3o ca\u00f3tica. Est\u00e1 todo mundo brigando com todo mundo, falando mal de todo mundo\u201d.<\/p>\n<p>O melhor exemplo dessa atmosfera de desentendimento ocorreu na quinta-feira 18, numa reuni\u00e3o entre o vice-presidente da Rep\u00fablica, Michel Temer (PMDB), e o ministro da Educa\u00e7\u00e3o, Aloizio Mercadante (PT). Era para ser uma agenda de rotina, mas a conversa trilhou o caminho de uma ins\u00f3lita conspira\u00e7\u00e3o que teve como alvo o ministro da Fazenda, Guido Mantega, j\u00e1 devidamente acossado por pol\u00edticos, empres\u00e1rios e sindicatos devido ao desempenho p\u00edfio da economia brasileira.<!--more--><\/p>\n<p>Com a autoridade de quem desfila pelos gabinetes de Bras\u00edlia como uma esp\u00e9cie de primeiro-ministro informal de Dilma, e de quem foi conselheiro econ\u00f4mico do ex-presidente Lula, Mercadante prop\u00f4s o plano para for\u00e7ar a demiss\u00e3o de Mantega. A estrat\u00e9gia teria de ser posta em pr\u00e1tica logo, para que as mudan\u00e7as ocorressem em setembro. O alvo e o argumento do petista foram escolhidos a dedo. O p\u00e9ssimo desempenho da economia \u00e9 uma das explica\u00e7\u00f5es para a queda vertiginosa de popularidade de Dilma. Nesse contexto, mudar o comando da equipe econ\u00f4mica seria fundamental para que a alian\u00e7a PT-PMDB tenha chance de vencer a pr\u00f3xima sucess\u00e3o presidencial.<\/p>\n","protected":false},"excerpt":{"rendered":"<p>Veja A mete\u00f3rica queda de popularidade dos governantes n\u00e3o foi a \u00fanica consequ\u00eancia imediata dos protestos que tomaram as ruas do pa\u00eds h\u00e1 pouco mais de um m\u00eas. Eles tamb\u00e9m desestabilizaram governos e alian\u00e7as pol\u00edticas que se mantinham unidos diante da perspectiva &#8212; cada vez mais incerta &#8212; de vit\u00f3ria nas elei\u00e7\u00f5es de 2014. Na [&hellip;]<\/p>\n","protected":false},"author":2,"featured_media":0,"comment_status":"open","ping_status":"open","sticky":false,"template":"","format":"standard","meta":{"footnotes":"","_links_to":"","_links_to_target":""},"categories":[1],"tags":[],"class_list":["post-28940","post","type-post","status-publish","format-standard","hentry","category-geral"],"views":1347,"_links":{"self":[{"href":"https:\/\/www.sudoestehoje.com.br\/novoportal\/wp-json\/wp\/v2\/posts\/28940","targetHints":{"allow":["GET"]}}],"collection":[{"href":"https:\/\/www.sudoestehoje.com.br\/novoportal\/wp-json\/wp\/v2\/posts"}],"about":[{"href":"https:\/\/www.sudoestehoje.com.br\/novoportal\/wp-json\/wp\/v2\/types\/post"}],"author":[{"embeddable":true,"href":"https:\/\/www.sudoestehoje.com.br\/novoportal\/wp-json\/wp\/v2\/users\/2"}],"replies":[{"embeddable":true,"href":"https:\/\/www.sudoestehoje.com.br\/novoportal\/wp-json\/wp\/v2\/comments?post=28940"}],"version-history":[{"count":3,"href":"https:\/\/www.sudoestehoje.com.br\/novoportal\/wp-json\/wp\/v2\/posts\/28940\/revisions"}],"predecessor-version":[{"id":28944,"href":"https:\/\/www.sudoestehoje.com.br\/novoportal\/wp-json\/wp\/v2\/posts\/28940\/revisions\/28944"}],"wp:attachment":[{"href":"https:\/\/www.sudoestehoje.com.br\/novoportal\/wp-json\/wp\/v2\/media?parent=28940"}],"wp:term":[{"taxonomy":"category","embeddable":true,"href":"https:\/\/www.sudoestehoje.com.br\/novoportal\/wp-json\/wp\/v2\/categories?post=28940"},{"taxonomy":"post_tag","embeddable":true,"href":"https:\/\/www.sudoestehoje.com.br\/novoportal\/wp-json\/wp\/v2\/tags?post=28940"}],"curies":[{"name":"wp","href":"https:\/\/api.w.org\/{rel}","templated":true}]}}