
{"id":28930,"date":"2013-07-27T18:59:40","date_gmt":"2013-07-27T21:59:40","guid":{"rendered":"http:\/\/www.sudoestehoje.com.br\/novoportal\/?p=28930"},"modified":"2013-07-27T18:59:40","modified_gmt":"2013-07-27T21:59:40","slug":"dilma-poe-o-pe-na-corda-bamba","status":"publish","type":"post","link":"https:\/\/www.sudoestehoje.com.br\/novoportal\/2013\/07\/27\/dilma-poe-o-pe-na-corda-bamba\/","title":{"rendered":"DILMA P\u00d5E O P\u00c9 NA CORDA BAMBA"},"content":{"rendered":"<p><a href=\"http:\/\/www.sudoestehoje.com.br\/novoportal\/wp-content\/uploads\/2013\/07\/NA-CORDA.jpg\"><img loading=\"lazy\" decoding=\"async\" class=\"size-full wp-image-28932 alignleft\" alt=\"NA CORDA\" src=\"http:\/\/www.sudoestehoje.com.br\/novoportal\/wp-content\/uploads\/2013\/07\/NA-CORDA.jpg\" width=\"280\" height=\"280\" srcset=\"https:\/\/www.sudoestehoje.com.br\/novoportal\/wp-content\/uploads\/2013\/07\/NA-CORDA.jpg 280w, https:\/\/www.sudoestehoje.com.br\/novoportal\/wp-content\/uploads\/2013\/07\/NA-CORDA-150x150.jpg 150w\" sizes=\"auto, (max-width: 280px) 100vw, 280px\" \/><\/a><\/p>\n<p>O Pal\u00e1cio do Planalto experimenta uma forte apreens\u00e3o em rela\u00e7\u00e3o\u00a0 \u00e0s elei\u00e7\u00f5es presidenciais do pr\u00f3ximo ano. De acordo com O Globo, a queda acentuada de Dilma Rousseff nas pesquisas, a queda brusca da popularidade da presidente, somada a uma avalia\u00e7\u00e3o ruim de boa parte dos governadores a ela aliados estremecem os arredores do Pal\u00e1cio. Diz o jornal que h\u00e1 \u201cum sinal de que parte significativa da popula\u00e7\u00e3o emite sinais de que quer algo exatamente oposto ao que est\u00e1 no poder.\u201d Numa s\u00edntese, deseja \u201cuma proposta diferente do que est\u00e1 no posto\u201d e o nome que amea\u00e7a \u00e9 o de Marina Silva, como, tamb\u00e9m o de A\u00e9cio Neves. Em rela\u00e7\u00e3o a Eduardo Campos, que \u00e9 ainda pouco conhecido, o que o remete a um processo de crescimento, ele estaria como o seu PSB com uma imagem pr\u00f3xima a do PT. O significado dessa ila\u00e7\u00e3o \u00e9 que a tend\u00eancia \u00e9 que mais tempo, menos tempo, at\u00e9 o final do ano, por exemplo, se Campos desejar ser candidato ter\u00e1 que se afastar do PT, do qual \u00e9 aliado. Esta leitura \u00e9 de fontes palacianas que, a princ\u00edpio, entendem que Dilma poder\u00e1 ficar com 30% e Marina Silva e A\u00e9cio Neves com 20% cada, cujo somat\u00f3rio, por conseguinte, \u00e9 maior do que o da presidente. Mas se Dilma continuar a despencar, \u00e9 poss\u00edvel que seja ultrapassada.<\/p>\n<p><em>Samuel Celestino &#8211; BN<\/em><\/p>\n","protected":false},"excerpt":{"rendered":"<p>O Pal\u00e1cio do Planalto experimenta uma forte apreens\u00e3o em rela\u00e7\u00e3o\u00a0 \u00e0s elei\u00e7\u00f5es presidenciais do pr\u00f3ximo ano. De acordo com O Globo, a queda acentuada de Dilma Rousseff nas pesquisas, a queda brusca da popularidade da presidente, somada a uma avalia\u00e7\u00e3o ruim de boa parte dos governadores a ela aliados estremecem os arredores do Pal\u00e1cio. Diz [&hellip;]<\/p>\n","protected":false},"author":2,"featured_media":0,"comment_status":"open","ping_status":"open","sticky":false,"template":"","format":"standard","meta":{"footnotes":"","_links_to":"","_links_to_target":""},"categories":[1],"tags":[],"class_list":["post-28930","post","type-post","status-publish","format-standard","hentry","category-geral"],"views":1313,"_links":{"self":[{"href":"https:\/\/www.sudoestehoje.com.br\/novoportal\/wp-json\/wp\/v2\/posts\/28930","targetHints":{"allow":["GET"]}}],"collection":[{"href":"https:\/\/www.sudoestehoje.com.br\/novoportal\/wp-json\/wp\/v2\/posts"}],"about":[{"href":"https:\/\/www.sudoestehoje.com.br\/novoportal\/wp-json\/wp\/v2\/types\/post"}],"author":[{"embeddable":true,"href":"https:\/\/www.sudoestehoje.com.br\/novoportal\/wp-json\/wp\/v2\/users\/2"}],"replies":[{"embeddable":true,"href":"https:\/\/www.sudoestehoje.com.br\/novoportal\/wp-json\/wp\/v2\/comments?post=28930"}],"version-history":[{"count":2,"href":"https:\/\/www.sudoestehoje.com.br\/novoportal\/wp-json\/wp\/v2\/posts\/28930\/revisions"}],"predecessor-version":[{"id":28934,"href":"https:\/\/www.sudoestehoje.com.br\/novoportal\/wp-json\/wp\/v2\/posts\/28930\/revisions\/28934"}],"wp:attachment":[{"href":"https:\/\/www.sudoestehoje.com.br\/novoportal\/wp-json\/wp\/v2\/media?parent=28930"}],"wp:term":[{"taxonomy":"category","embeddable":true,"href":"https:\/\/www.sudoestehoje.com.br\/novoportal\/wp-json\/wp\/v2\/categories?post=28930"},{"taxonomy":"post_tag","embeddable":true,"href":"https:\/\/www.sudoestehoje.com.br\/novoportal\/wp-json\/wp\/v2\/tags?post=28930"}],"curies":[{"name":"wp","href":"https:\/\/api.w.org\/{rel}","templated":true}]}}