
{"id":28840,"date":"2013-07-26T15:50:37","date_gmt":"2013-07-26T18:50:37","guid":{"rendered":"http:\/\/www.sudoestehoje.com.br\/novoportal\/?p=28840"},"modified":"2013-07-27T01:04:53","modified_gmt":"2013-07-27T04:04:53","slug":"novas-cedulas-de-r-2-e-r-5-comecam-a-circular-na-segunda","status":"publish","type":"post","link":"https:\/\/www.sudoestehoje.com.br\/novoportal\/2013\/07\/26\/novas-cedulas-de-r-2-e-r-5-comecam-a-circular-na-segunda\/","title":{"rendered":"NOVAS C\u00c9DULAS DE R$ 2 E R$ 5 COME\u00c7AM A CIRCULAR NA SEGUNDA"},"content":{"rendered":"<p><a href=\"http:\/\/www.sudoestehoje.com.br\/novoportal\/wp-content\/uploads\/2013\/07\/dois1.jpg\"><img loading=\"lazy\" decoding=\"async\" class=\"size-full wp-image-28841 aligncenter\" alt=\"dois(1)\" src=\"http:\/\/www.sudoestehoje.com.br\/novoportal\/wp-content\/uploads\/2013\/07\/dois1.jpg\" width=\"343\" height=\"181\" \/><\/a><\/p>\n<p><a href=\"http:\/\/www.sudoestehoje.com.br\/novoportal\/wp-content\/uploads\/2013\/07\/cinco.jpg\"><img loading=\"lazy\" decoding=\"async\" class=\"size-medium wp-image-28842 aligncenter\" alt=\"cinco\" src=\"http:\/\/www.sudoestehoje.com.br\/novoportal\/wp-content\/uploads\/2013\/07\/cinco.jpg\" width=\"363\" height=\"188\" \/><\/a><\/p>\n<p>BRAS\u00cdLIA &#8211; A partir de segunda-feira come\u00e7am a circular no mercado as notas de R$ 2,00 e R$ 5,00 da segunda fam\u00edlia de c\u00e9dulas do real. A informa\u00e7\u00e3o foi publicada h\u00e1 pouco pelo Banco Central por meio do comunicado 24.249, assinado pelo chefe do Departamento do Meio Circulante, Jo\u00e3o Sidney de Figueiredo Filho. H\u00e1 um ano, passaram a circular as novas notas de R$ 10,00 e R$ 20,00 e, em dezembro de 2010, as de R$ 50,00 e R$ 100,00.<\/p>\n<p>No caso das c\u00e9dulas de R$ 2,00, a cor continua a ser predominantemente azul, mas as dimens\u00f5es agora s\u00e3o de 121mm x 65mm. Num dos lados, segundo o comunicado, segue a ef\u00edgie da Rep\u00fablica como figura principal; o n\u00famero &#8216;2&#8217;; a marca t\u00e1til; as express\u00f5es &#8216;Rep\u00fablica Federativa do Brasil&#8217; e &#8216;Deus seja louvado&#8217;; as legendas &#8216;2 reais&#8217; e &#8216;2010&#8217; (ano de aprova\u00e7\u00e3o do design da c\u00e9dula); o quebra-cabe\u00e7a; o n\u00famero escondido e o elemento fluorescente.<!--more--><\/p>\n<p>J\u00e1 o reverso apresenta a tartaruga-marinha como figura principal; as express\u00f5es &#8216;dois reais&#8217; e &#8216;Banco Central do Brasil&#8217;; o n\u00famero &#8216;2&#8217;; o quebra-cabe\u00e7a; as microchancelas e a dupla numera\u00e7\u00e3o da c\u00e9dula, uma localizada no canto inferior esquerdo e a outra, fluorescente, no canto superior direito.<\/p>\n<p>No caso da nota de R$ 5,00, a cor que prevalece \u00e9 o lil\u00e1s e as dimens\u00f5es s\u00e3o de 128mm x 65mm. De um lado, a c\u00e9dula apresenta a ef\u00edgie da Rep\u00fablica como figura principal; o n\u00famero &#8216;5&#8217;; a marca t\u00e1til; as express\u00f5es &#8216;Rep\u00fablica Federativa do Brasil&#8217; e &#8216;Deus seja louvado&#8217;; as legendas &#8216;5 reais&#8217; e &#8216;2010&#8217; (ano de aprova\u00e7\u00e3o do design da c\u00e9dula); o quebra-cabe\u00e7a; o n\u00famero escondido e o elemento fluorescente. De outro, apresenta a gar\u00e7a como figura principal; as express\u00f5es &#8216;cinco reais&#8217; e &#8216;Banco Central do Brasil&#8221;; o n\u00famero &#8216;5&#8217;; o quebra-cabe\u00e7a e a dupla numera\u00e7\u00e3o da c\u00e9dula, uma localizada no canto inferior esquerdo e a outra, fluorescente, no canto superior direito.<\/p>\n<p>Seguran\u00e7a. Entre os principais dispositivos de seguran\u00e7a das c\u00e9dulas est\u00e3o a marca d&#8217;\u00e1gua, a marca t\u00e1til (impress\u00e3o em alto-relevo), n\u00famero escondido, itens fluorescentes, microimpress\u00f5es e quebra-cabe\u00e7a, que \u00e9 uma novidade: impress\u00e3o de partes complementares do valor das c\u00e9dulas, em \u00e1reas coincidentes do anverso e do reverso, formando a figura completa quando a c\u00e9dula \u00e9 examinada contra a luz.<\/p>\n<p>Fonte:\u00a0C\u00e9lia Froufe, da Ag\u00eancia Estado<\/p>\n","protected":false},"excerpt":{"rendered":"<p>BRAS\u00cdLIA &#8211; A partir de segunda-feira come\u00e7am a circular no mercado as notas de R$ 2,00 e R$ 5,00 da segunda fam\u00edlia de c\u00e9dulas do real. A informa\u00e7\u00e3o foi publicada h\u00e1 pouco pelo Banco Central por meio do comunicado 24.249, assinado pelo chefe do Departamento do Meio Circulante, Jo\u00e3o Sidney de Figueiredo Filho. H\u00e1 um [&hellip;]<\/p>\n","protected":false},"author":1,"featured_media":0,"comment_status":"open","ping_status":"open","sticky":false,"template":"","format":"standard","meta":{"footnotes":"","_links_to":"","_links_to_target":""},"categories":[6],"tags":[],"class_list":["post-28840","post","type-post","status-publish","format-standard","hentry","category-brasil"],"views":1838,"_links":{"self":[{"href":"https:\/\/www.sudoestehoje.com.br\/novoportal\/wp-json\/wp\/v2\/posts\/28840","targetHints":{"allow":["GET"]}}],"collection":[{"href":"https:\/\/www.sudoestehoje.com.br\/novoportal\/wp-json\/wp\/v2\/posts"}],"about":[{"href":"https:\/\/www.sudoestehoje.com.br\/novoportal\/wp-json\/wp\/v2\/types\/post"}],"author":[{"embeddable":true,"href":"https:\/\/www.sudoestehoje.com.br\/novoportal\/wp-json\/wp\/v2\/users\/1"}],"replies":[{"embeddable":true,"href":"https:\/\/www.sudoestehoje.com.br\/novoportal\/wp-json\/wp\/v2\/comments?post=28840"}],"version-history":[{"count":5,"href":"https:\/\/www.sudoestehoje.com.br\/novoportal\/wp-json\/wp\/v2\/posts\/28840\/revisions"}],"predecessor-version":[{"id":28846,"href":"https:\/\/www.sudoestehoje.com.br\/novoportal\/wp-json\/wp\/v2\/posts\/28840\/revisions\/28846"}],"wp:attachment":[{"href":"https:\/\/www.sudoestehoje.com.br\/novoportal\/wp-json\/wp\/v2\/media?parent=28840"}],"wp:term":[{"taxonomy":"category","embeddable":true,"href":"https:\/\/www.sudoestehoje.com.br\/novoportal\/wp-json\/wp\/v2\/categories?post=28840"},{"taxonomy":"post_tag","embeddable":true,"href":"https:\/\/www.sudoestehoje.com.br\/novoportal\/wp-json\/wp\/v2\/tags?post=28840"}],"curies":[{"name":"wp","href":"https:\/\/api.w.org\/{rel}","templated":true}]}}