
{"id":2880,"date":"2011-01-03T23:37:30","date_gmt":"2011-01-04T02:37:30","guid":{"rendered":"http:\/\/www.sudoestehoje.com.br\/novoportal\/?p=2880"},"modified":"2011-01-03T23:37:30","modified_gmt":"2011-01-04T02:37:30","slug":"aeroporto-de-conquista","status":"publish","type":"post","link":"https:\/\/www.sudoestehoje.com.br\/novoportal\/2011\/01\/03\/aeroporto-de-conquista\/","title":{"rendered":"AEROPORTO DE CONQUISTA"},"content":{"rendered":"<p style=\"text-align: center;\"><a href=\"http:\/\/www.google.com.br\/imgres?imgurl=http:\/\/3.bp.blogspot.com\/_ycbSASM07-k\/TFiWNp6me4I\/AAAAAAAADvM\/B0pTP9BQ_KI\/s1600\/19.jpg&amp;imgrefurl=http:\/\/glossariodenoticias.blogspot.com\/2010_08_03_archive.html&amp;usg=__83yXbCRZbThLtApjN78mpc27Hs0=&amp;h=325&amp;w=433&amp;sz=14&amp;hl=pt-br&amp;start=8&amp;zoom=1&amp;um=1&amp;itbs=1&amp;tbnid=HmtmGf3mTXHJ5M:&amp;tbnh=95&amp;tbnw=126&amp;prev=\/images%3Fq%3Davi%25C3%25B5es%2Bgol%26um%3D1%26hl%3Dpt-br%26sa%3DG%26rlz%3D1R2SKPB_pt-BRBR354%26tbs%3Disch:1\"><img loading=\"lazy\" decoding=\"async\" class=\"aligncenter\" src=\"http:\/\/t2.gstatic.com\/images?q=tbn:HmtmGf3mTXHJ5M:\" alt=\"\" width=\"126\" height=\"95\" \/><\/a><\/p>\n<p>Tor\u00e7o, como todos os conquistenses e moradores do Sudoeste, pela constru\u00e7\u00e3o de um\u00a0novo aeroporto em Vit\u00f3ria da Conquista, mas percebo que este sonho se torna cada dia mais distante. Passado o fervor das elei\u00e7\u00f5es, os t\u00e9cnicos do governo j\u00e1 comentam, de &#8216;boca miuda&#8217;, que o m\u00e1ximo que poder\u00e1 ser feito \u00e9 uma reforma no aeroporto atual, para possibilitar pousos e decolagens de aeronaves maiores. Um outro argumento para postergar o in\u00edcio das obras \u00e9\u00a0a Copa do Mundo de 1014, que consumir\u00e1 todos os recursos or\u00e7ament\u00e1rios na melhoria dos grandes aeroportos, localizados nas cidades sedes.\u00a0\u00c9 a\u00ed, no meu modesto ponto de vista, que o bicho pega. Mesmo assim, continuo na torcida.<\/p>\n","protected":false},"excerpt":{"rendered":"<p>Tor\u00e7o, como todos os conquistenses e moradores do Sudoeste, pela constru\u00e7\u00e3o de um\u00a0novo aeroporto em Vit\u00f3ria da Conquista, mas percebo que este sonho se torna cada dia mais distante. Passado o fervor das elei\u00e7\u00f5es, os t\u00e9cnicos do governo j\u00e1 comentam, de &#8216;boca miuda&#8217;, que o m\u00e1ximo que poder\u00e1 ser feito \u00e9 uma reforma no aeroporto [&hellip;]<\/p>\n","protected":false},"author":2,"featured_media":0,"comment_status":"open","ping_status":"open","sticky":false,"template":"","format":"standard","meta":{"footnotes":"","_links_to":"","_links_to_target":""},"categories":[11],"tags":[],"class_list":["post-2880","post","type-post","status-publish","format-standard","hentry","category-quentinhas"],"views":1251,"_links":{"self":[{"href":"https:\/\/www.sudoestehoje.com.br\/novoportal\/wp-json\/wp\/v2\/posts\/2880","targetHints":{"allow":["GET"]}}],"collection":[{"href":"https:\/\/www.sudoestehoje.com.br\/novoportal\/wp-json\/wp\/v2\/posts"}],"about":[{"href":"https:\/\/www.sudoestehoje.com.br\/novoportal\/wp-json\/wp\/v2\/types\/post"}],"author":[{"embeddable":true,"href":"https:\/\/www.sudoestehoje.com.br\/novoportal\/wp-json\/wp\/v2\/users\/2"}],"replies":[{"embeddable":true,"href":"https:\/\/www.sudoestehoje.com.br\/novoportal\/wp-json\/wp\/v2\/comments?post=2880"}],"version-history":[{"count":2,"href":"https:\/\/www.sudoestehoje.com.br\/novoportal\/wp-json\/wp\/v2\/posts\/2880\/revisions"}],"predecessor-version":[{"id":2882,"href":"https:\/\/www.sudoestehoje.com.br\/novoportal\/wp-json\/wp\/v2\/posts\/2880\/revisions\/2882"}],"wp:attachment":[{"href":"https:\/\/www.sudoestehoje.com.br\/novoportal\/wp-json\/wp\/v2\/media?parent=2880"}],"wp:term":[{"taxonomy":"category","embeddable":true,"href":"https:\/\/www.sudoestehoje.com.br\/novoportal\/wp-json\/wp\/v2\/categories?post=2880"},{"taxonomy":"post_tag","embeddable":true,"href":"https:\/\/www.sudoestehoje.com.br\/novoportal\/wp-json\/wp\/v2\/tags?post=2880"}],"curies":[{"name":"wp","href":"https:\/\/api.w.org\/{rel}","templated":true}]}}