
{"id":288,"date":"2010-08-23T00:01:52","date_gmt":"2010-08-23T03:01:52","guid":{"rendered":"http:\/\/sudoestehoje.tempsite.ws\/novoportal\/?p=288"},"modified":"2010-09-18T14:24:36","modified_gmt":"2010-09-18T17:24:36","slug":"perfil-do-candidato-edgar-mao-branca","status":"publish","type":"post","link":"https:\/\/www.sudoestehoje.com.br\/novoportal\/2010\/08\/23\/perfil-do-candidato-edgar-mao-branca\/","title":{"rendered":"PERFIL DO CANDIDATO: EDGAR M\u00c3O BRANCA"},"content":{"rendered":"<div><span style=\"font-family: Verdana; font-size: x-small;\"><\/p>\n<div style=\"text-align: center;\"><img decoding=\"async\" src=\"http:\/\/3.bp.blogspot.com\/_VE6p8Nzv9hM\/Sf8urujbpiI\/AAAAAAAACZM\/j_2XIXk2V8M\/s400\/m%C3%83%C2%A3o.jpg\" border=\"0\" alt=\"\" \/><\/div>\n<div style=\"text-align: center;\">EDGAR M\u00c3O BRANCA (PV)\u00a0\u00c9 CANDIDATO A DEPUTADO FEDERAL<\/div>\n<p><\/span><\/div>\n<div><span style=\"font-family: Verdana; font-size: x-small;\">Edigar  M\u00e3o Branca \u00e9 o nome de guerra de Edigar Evangelista dos Anjos,  brasileiro, cantador, poeta, radialista e forrozeiro. Assumidamente um  cabra de p\u00e9 de serra, de vaquejada e tirada de leite, Edigar nasceu em  14 de janeiro de 1959, no munic\u00edpio\u00a0de de Macarani na Bahia.<\/span><br \/>\n<strong> <\/strong><\/div>\n<div>M\u00e3o  Branca assumiu, como Suplente, o mandato de Deputado Federal, na  Legislatura 2007-2011, em 20 de mar\u00e7o de 2007 a 5 de abril de 2010, em  virtude do afastamento do Deputado Geddel Vieira Lima. \u00c9 filiado ao\u00a0PV,  desde 2003, exercendo as seguintes atividades partid\u00e1rias:Presidente do  PV, em Itapetinga, BA; Vice-l\u00edder do PV, 11\/09\/2009.<\/div>\n<div>No  exercicio do mandato de deputado federal,\u00a0M\u00e3o Branca\u00a0foi membro de  diversas comiss\u00f5es permanentes da C\u00e2mara, como as de Ci\u00eancia e  Tecnologia, Comunica\u00e7\u00e3o e Inform\u00e1tica, Trabalho, Administra\u00e7\u00e3o e Servi\u00e7o  P\u00fablico, e das Comiss\u00f5es especiais\u00a0da Crise Econ\u00f4mico-Financeira &#8211;  Ind\u00fastria e da\u00a0Crise Econ\u00f4mico-Financeira &#8211; Com\u00e9rcio. Atuou como titular  na PEC n\u00ba 98\/07, Fonogramas\/Videofonogramas Musicais e como suplente na  CPI da\u00a0Subnutri\u00e7\u00e3o de Crian\u00e7as Ind\u00edgenas.<\/div>\n<div><span style=\"text-decoration: underline;\">COMENT\u00c1RIO DO SITE<\/span><\/div>\n<div>Edgar  M\u00e3o Branca, cometeu um grande\u00a0equ\u00edvoco ao afastar-se de Itapetinga, seu  domicilio eleitoral, passando a dedicar-se com mais afinco \u00e0 pol\u00edtica  de Vit\u00f3ria da Conquista. Embora tenha obtido uma vota\u00e7\u00e3o surprendente em  2006 (pouco mais de 5.000 votos), aventurou-se numa candidatura\u00a0para  prefeito de Itapetinga em 2008, obtendo vota\u00e7\u00e3o inexpressiva (cerca de  400 votos), o que comprometeu as suas aspira\u00e7\u00f5es\u00a0para estas elei\u00e7\u00f5es.  Entretanto, destinou verbas or\u00e7ament\u00e1rias para Itapetinga, o que n\u00e3o  foi, segundo ele, aproveitado pelos prefeitos municipais, que n\u00e3o  levaram em frente a execu\u00e7\u00e3o das obras, cujas verbas ele teria liberado.<\/div>\n<div><span style=\"text-decoration: underline;\">PALPITE DO BLOGUEIRO:<\/span><\/div>\n<div>Em  2006 o meu palpite\u00a0 foi de que ele n\u00e3o passaria de 2.000 votos, mas ele  surpreendeu obtendo mais de 5.000 votos em Itapetinga. Para as atuais  elei\u00e7\u00f5es, entretanto, n\u00e3o acredito em surpresas e arrisco numa vota\u00e7\u00e3o  em torno de 3.000 votos. Creio estar de bom tamanho<\/div>\n","protected":false},"excerpt":{"rendered":"<p>EDGAR M\u00c3O BRANCA (PV)\u00a0\u00c9 CANDIDATO A DEPUTADO FEDERAL Edigar M\u00e3o Branca \u00e9 o nome de guerra de Edigar Evangelista dos Anjos, brasileiro, cantador, poeta, radialista e forrozeiro. Assumidamente um cabra de p\u00e9 de serra, de vaquejada e tirada de leite, Edigar nasceu em 14 de janeiro de 1959, no munic\u00edpio\u00a0de de Macarani na Bahia. M\u00e3o [&hellip;]<\/p>\n","protected":false},"author":1,"featured_media":0,"comment_status":"open","ping_status":"open","sticky":false,"template":"","format":"standard","meta":{"footnotes":"","_links_to":"","_links_to_target":""},"categories":[4],"tags":[],"class_list":["post-288","post","type-post","status-publish","format-standard","hentry","category-politica"],"views":4508,"_links":{"self":[{"href":"https:\/\/www.sudoestehoje.com.br\/novoportal\/wp-json\/wp\/v2\/posts\/288","targetHints":{"allow":["GET"]}}],"collection":[{"href":"https:\/\/www.sudoestehoje.com.br\/novoportal\/wp-json\/wp\/v2\/posts"}],"about":[{"href":"https:\/\/www.sudoestehoje.com.br\/novoportal\/wp-json\/wp\/v2\/types\/post"}],"author":[{"embeddable":true,"href":"https:\/\/www.sudoestehoje.com.br\/novoportal\/wp-json\/wp\/v2\/users\/1"}],"replies":[{"embeddable":true,"href":"https:\/\/www.sudoestehoje.com.br\/novoportal\/wp-json\/wp\/v2\/comments?post=288"}],"version-history":[{"count":2,"href":"https:\/\/www.sudoestehoje.com.br\/novoportal\/wp-json\/wp\/v2\/posts\/288\/revisions"}],"predecessor-version":[{"id":290,"href":"https:\/\/www.sudoestehoje.com.br\/novoportal\/wp-json\/wp\/v2\/posts\/288\/revisions\/290"}],"wp:attachment":[{"href":"https:\/\/www.sudoestehoje.com.br\/novoportal\/wp-json\/wp\/v2\/media?parent=288"}],"wp:term":[{"taxonomy":"category","embeddable":true,"href":"https:\/\/www.sudoestehoje.com.br\/novoportal\/wp-json\/wp\/v2\/categories?post=288"},{"taxonomy":"post_tag","embeddable":true,"href":"https:\/\/www.sudoestehoje.com.br\/novoportal\/wp-json\/wp\/v2\/tags?post=288"}],"curies":[{"name":"wp","href":"https:\/\/api.w.org\/{rel}","templated":true}]}}