
{"id":28748,"date":"2013-07-23T21:30:17","date_gmt":"2013-07-24T00:30:17","guid":{"rendered":"http:\/\/www.sudoestehoje.com.br\/novoportal\/?p=28748"},"modified":"2013-07-23T21:30:17","modified_gmt":"2013-07-24T00:30:17","slug":"musico-e-compositor-dominguinhos-morre-em-sao-paulo","status":"publish","type":"post","link":"https:\/\/www.sudoestehoje.com.br\/novoportal\/2013\/07\/23\/musico-e-compositor-dominguinhos-morre-em-sao-paulo\/","title":{"rendered":"M\u00daSICO E COMPOSITOR DOMINGUINHOS MORRE EM S\u00c3O PAULO"},"content":{"rendered":"<p style=\"text-align: center;\"><a href=\"http:\/\/www.sudoestehoje.com.br\/novoportal\/wp-content\/uploads\/2013\/07\/DOMING.jpg\"><img decoding=\"async\" class=\"aligncenter  wp-image-28750\" alt=\"DOMING\" src=\"http:\/\/www.sudoestehoje.com.br\/novoportal\/wp-content\/uploads\/2013\/07\/DOMING.jpg\" width=\"500\" \/><\/a><\/p>\n<p>&nbsp;<\/p>\n<p>Faleceu nesta ter\u00e7a-feira (23) o m\u00fasico Dominguinhos, no Hospital S\u00edrio-Liban\u00eas, em S\u00e3o Paulo. O pernambucano, nascido em Garanhuns, lutava h\u00e1 seis anos contra um c\u00e2ncer de pulm\u00e3o e, segundo os m\u00e9dicos, morreu devido a complica\u00e7\u00f5es infecciosas e card\u00edacas, \u00e0s 18h. Dominguinhos estava internado desde dezembro, no Recife, e foi transferido para a capital paulista em 13 de janeiro. Ele era considerado o \u00edcone dos sanfoneiros brasileiros e herdeiro art\u00edstico de Luiz Gonzaga. Jos\u00e9 Domingos de Morais ganhou em 2002 o Grammy Latino e j\u00e1 fez duetos com m\u00fasicos como Gilberto Gil, Chico Buarque, Anast\u00e1cia e Djavan. Desde o fim de 2012, Dominguinhos se dedicava \u00e0s homenagens pelos cem anos de Luiz Gonzaga.<\/p>\n","protected":false},"excerpt":{"rendered":"<p>&nbsp; Faleceu nesta ter\u00e7a-feira (23) o m\u00fasico Dominguinhos, no Hospital S\u00edrio-Liban\u00eas, em S\u00e3o Paulo. O pernambucano, nascido em Garanhuns, lutava h\u00e1 seis anos contra um c\u00e2ncer de pulm\u00e3o e, segundo os m\u00e9dicos, morreu devido a complica\u00e7\u00f5es infecciosas e card\u00edacas, \u00e0s 18h. Dominguinhos estava internado desde dezembro, no Recife, e foi transferido para a capital paulista [&hellip;]<\/p>\n","protected":false},"author":2,"featured_media":0,"comment_status":"open","ping_status":"open","sticky":false,"template":"","format":"standard","meta":{"footnotes":"","_links_to":"","_links_to_target":""},"categories":[1],"tags":[],"class_list":["post-28748","post","type-post","status-publish","format-standard","hentry","category-geral"],"views":1146,"_links":{"self":[{"href":"https:\/\/www.sudoestehoje.com.br\/novoportal\/wp-json\/wp\/v2\/posts\/28748","targetHints":{"allow":["GET"]}}],"collection":[{"href":"https:\/\/www.sudoestehoje.com.br\/novoportal\/wp-json\/wp\/v2\/posts"}],"about":[{"href":"https:\/\/www.sudoestehoje.com.br\/novoportal\/wp-json\/wp\/v2\/types\/post"}],"author":[{"embeddable":true,"href":"https:\/\/www.sudoestehoje.com.br\/novoportal\/wp-json\/wp\/v2\/users\/2"}],"replies":[{"embeddable":true,"href":"https:\/\/www.sudoestehoje.com.br\/novoportal\/wp-json\/wp\/v2\/comments?post=28748"}],"version-history":[{"count":3,"href":"https:\/\/www.sudoestehoje.com.br\/novoportal\/wp-json\/wp\/v2\/posts\/28748\/revisions"}],"predecessor-version":[{"id":28752,"href":"https:\/\/www.sudoestehoje.com.br\/novoportal\/wp-json\/wp\/v2\/posts\/28748\/revisions\/28752"}],"wp:attachment":[{"href":"https:\/\/www.sudoestehoje.com.br\/novoportal\/wp-json\/wp\/v2\/media?parent=28748"}],"wp:term":[{"taxonomy":"category","embeddable":true,"href":"https:\/\/www.sudoestehoje.com.br\/novoportal\/wp-json\/wp\/v2\/categories?post=28748"},{"taxonomy":"post_tag","embeddable":true,"href":"https:\/\/www.sudoestehoje.com.br\/novoportal\/wp-json\/wp\/v2\/tags?post=28748"}],"curies":[{"name":"wp","href":"https:\/\/api.w.org\/{rel}","templated":true}]}}