
{"id":28739,"date":"2013-07-23T20:42:01","date_gmt":"2013-07-23T23:42:01","guid":{"rendered":"http:\/\/www.sudoestehoje.com.br\/novoportal\/?p=28739"},"modified":"2013-07-23T20:42:01","modified_gmt":"2013-07-23T23:42:01","slug":"frigorifico-sudoeste-volta-a-operar","status":"publish","type":"post","link":"https:\/\/www.sudoestehoje.com.br\/novoportal\/2013\/07\/23\/frigorifico-sudoeste-volta-a-operar\/","title":{"rendered":"FRIGOR\u00cdFICO SUDOESTE VOLTA A OPERAR"},"content":{"rendered":"<p style=\"text-align: center;\"><a href=\"http:\/\/www.sudoestehoje.com.br\/novoportal\/wp-content\/uploads\/2013\/07\/FRI.jpg\"><img decoding=\"async\" class=\"aligncenter  wp-image-28740\" alt=\"FRI\" src=\"http:\/\/www.sudoestehoje.com.br\/novoportal\/wp-content\/uploads\/2013\/07\/FRI.jpg\" width=\"500\" \/><\/a><\/p>\n<p>&nbsp;<\/p>\n<p>Na tarde desta ter\u00e7a-feira (23), \u00a0aconteceu a solenidade que marcou a reabertura do Frigor\u00edfico Sudoeste no munic\u00edpio de Itapetinga, gerando cerca de 110 empregos diretos, atendendo mais de 10 cidades da regi\u00e3o Sudoeste.\u00a0O evento contou com a participa\u00e7\u00e3o do secret\u00e1rio estadual de agricultura, Eduardo Salles.<\/p>\n<p>Em entrevista coletiva concedida para a imprensa, o chefe da pasta destacou o empenho para que o empreendimento fosse reaberto. O frigor\u00edfico estava fechado desde o ano passado, em virtude da falta de demanda.\u00a0Com a reabertura, o secret\u00e1rio revelou que a fiscaliza\u00e7\u00e3o contra o abate clandestino ser\u00e1 intensificada.\u00a0Na oportunidade, os diretores do frigor\u00edfico destacaram o empenho de Salles para que o frigor\u00edfico voltasse a funcionar. Blogdaresenhageral<\/p>\n","protected":false},"excerpt":{"rendered":"<p>&nbsp; Na tarde desta ter\u00e7a-feira (23), \u00a0aconteceu a solenidade que marcou a reabertura do Frigor\u00edfico Sudoeste no munic\u00edpio de Itapetinga, gerando cerca de 110 empregos diretos, atendendo mais de 10 cidades da regi\u00e3o Sudoeste.\u00a0O evento contou com a participa\u00e7\u00e3o do secret\u00e1rio estadual de agricultura, Eduardo Salles. Em entrevista coletiva concedida para a imprensa, o chefe [&hellip;]<\/p>\n","protected":false},"author":2,"featured_media":0,"comment_status":"open","ping_status":"open","sticky":false,"template":"","format":"standard","meta":{"footnotes":"","_links_to":"","_links_to_target":""},"categories":[1],"tags":[],"class_list":["post-28739","post","type-post","status-publish","format-standard","hentry","category-geral"],"views":1959,"_links":{"self":[{"href":"https:\/\/www.sudoestehoje.com.br\/novoportal\/wp-json\/wp\/v2\/posts\/28739","targetHints":{"allow":["GET"]}}],"collection":[{"href":"https:\/\/www.sudoestehoje.com.br\/novoportal\/wp-json\/wp\/v2\/posts"}],"about":[{"href":"https:\/\/www.sudoestehoje.com.br\/novoportal\/wp-json\/wp\/v2\/types\/post"}],"author":[{"embeddable":true,"href":"https:\/\/www.sudoestehoje.com.br\/novoportal\/wp-json\/wp\/v2\/users\/2"}],"replies":[{"embeddable":true,"href":"https:\/\/www.sudoestehoje.com.br\/novoportal\/wp-json\/wp\/v2\/comments?post=28739"}],"version-history":[{"count":2,"href":"https:\/\/www.sudoestehoje.com.br\/novoportal\/wp-json\/wp\/v2\/posts\/28739\/revisions"}],"predecessor-version":[{"id":28742,"href":"https:\/\/www.sudoestehoje.com.br\/novoportal\/wp-json\/wp\/v2\/posts\/28739\/revisions\/28742"}],"wp:attachment":[{"href":"https:\/\/www.sudoestehoje.com.br\/novoportal\/wp-json\/wp\/v2\/media?parent=28739"}],"wp:term":[{"taxonomy":"category","embeddable":true,"href":"https:\/\/www.sudoestehoje.com.br\/novoportal\/wp-json\/wp\/v2\/categories?post=28739"},{"taxonomy":"post_tag","embeddable":true,"href":"https:\/\/www.sudoestehoje.com.br\/novoportal\/wp-json\/wp\/v2\/tags?post=28739"}],"curies":[{"name":"wp","href":"https:\/\/api.w.org\/{rel}","templated":true}]}}