
{"id":28729,"date":"2013-07-22T13:08:48","date_gmt":"2013-07-22T16:08:48","guid":{"rendered":"http:\/\/www.sudoestehoje.com.br\/novoportal\/?p=28729"},"modified":"2013-07-22T13:08:48","modified_gmt":"2013-07-22T16:08:48","slug":"camara-de-vereadores-aprova-ldo-e-entra-em-recesso-parlamentar","status":"publish","type":"post","link":"https:\/\/www.sudoestehoje.com.br\/novoportal\/2013\/07\/22\/camara-de-vereadores-aprova-ldo-e-entra-em-recesso-parlamentar\/","title":{"rendered":"C\u00c2MARA DE VEREADORES APROVA LDO E ENTRA EM RECESSO PARLAMENTAR"},"content":{"rendered":"<p><a href=\"http:\/\/www.sudoestehoje.com.br\/novoportal\/wp-content\/uploads\/2013\/07\/CAMAR.jpg\"><img loading=\"lazy\" decoding=\"async\" class=\"size-full wp-image-28730 alignleft\" alt=\"CAMAR\" src=\"http:\/\/www.sudoestehoje.com.br\/novoportal\/wp-content\/uploads\/2013\/07\/CAMAR.jpg\" width=\"279\" height=\"181\" \/><\/a><\/p>\n<p>A C\u00e2mara Municipal de Itapetinga iniciou na \u00faltima sexta-feira (19) o recesso parlamentar e retorna aos trabalhos legislativos no dia 1\u00ba de agosto. Os gabinetes dos vereadores e demais setores da Casa continuam funcionando normalmente. Na sess\u00e3o dessa quinta-feira (18), a C\u00e2mara aprovou a Lei de Diretrizes Or\u00e7ament\u00e1rias (LDO) para o pr\u00f3ximo ano.<\/p>\n<p>\u201cReconhe\u00e7o o empenho de todos os vereadores neste semestre para aprovar projetos de interesse da popula\u00e7\u00e3o itapetinguense e reafirmo que a C\u00e2mara continuar\u00e1 primando pela seriedade e honrando sempre o compromisso com a nossa cidade\u201d, assegurou a presidenta da Casa, vereadora Nidia Oliveira (PDT).<\/p>\n<p>Ascom\/C\u00e2mara Municipal de Itapetinga<\/p>\n","protected":false},"excerpt":{"rendered":"<p>A C\u00e2mara Municipal de Itapetinga iniciou na \u00faltima sexta-feira (19) o recesso parlamentar e retorna aos trabalhos legislativos no dia 1\u00ba de agosto. Os gabinetes dos vereadores e demais setores da Casa continuam funcionando normalmente. Na sess\u00e3o dessa quinta-feira (18), a C\u00e2mara aprovou a Lei de Diretrizes Or\u00e7ament\u00e1rias (LDO) para o pr\u00f3ximo ano. \u201cReconhe\u00e7o o [&hellip;]<\/p>\n","protected":false},"author":2,"featured_media":0,"comment_status":"open","ping_status":"open","sticky":false,"template":"","format":"standard","meta":{"footnotes":"","_links_to":"","_links_to_target":""},"categories":[1],"tags":[],"class_list":["post-28729","post","type-post","status-publish","format-standard","hentry","category-geral"],"views":1341,"_links":{"self":[{"href":"https:\/\/www.sudoestehoje.com.br\/novoportal\/wp-json\/wp\/v2\/posts\/28729","targetHints":{"allow":["GET"]}}],"collection":[{"href":"https:\/\/www.sudoestehoje.com.br\/novoportal\/wp-json\/wp\/v2\/posts"}],"about":[{"href":"https:\/\/www.sudoestehoje.com.br\/novoportal\/wp-json\/wp\/v2\/types\/post"}],"author":[{"embeddable":true,"href":"https:\/\/www.sudoestehoje.com.br\/novoportal\/wp-json\/wp\/v2\/users\/2"}],"replies":[{"embeddable":true,"href":"https:\/\/www.sudoestehoje.com.br\/novoportal\/wp-json\/wp\/v2\/comments?post=28729"}],"version-history":[{"count":2,"href":"https:\/\/www.sudoestehoje.com.br\/novoportal\/wp-json\/wp\/v2\/posts\/28729\/revisions"}],"predecessor-version":[{"id":28732,"href":"https:\/\/www.sudoestehoje.com.br\/novoportal\/wp-json\/wp\/v2\/posts\/28729\/revisions\/28732"}],"wp:attachment":[{"href":"https:\/\/www.sudoestehoje.com.br\/novoportal\/wp-json\/wp\/v2\/media?parent=28729"}],"wp:term":[{"taxonomy":"category","embeddable":true,"href":"https:\/\/www.sudoestehoje.com.br\/novoportal\/wp-json\/wp\/v2\/categories?post=28729"},{"taxonomy":"post_tag","embeddable":true,"href":"https:\/\/www.sudoestehoje.com.br\/novoportal\/wp-json\/wp\/v2\/tags?post=28729"}],"curies":[{"name":"wp","href":"https:\/\/api.w.org\/{rel}","templated":true}]}}