
{"id":28677,"date":"2013-07-21T09:00:19","date_gmt":"2013-07-21T12:00:19","guid":{"rendered":"http:\/\/www.sudoestehoje.com.br\/novoportal\/?p=28677"},"modified":"2013-07-21T09:01:00","modified_gmt":"2013-07-21T12:01:00","slug":"nomeada-a-nova-diretora-da-direc-14","status":"publish","type":"post","link":"https:\/\/www.sudoestehoje.com.br\/novoportal\/2013\/07\/21\/nomeada-a-nova-diretora-da-direc-14\/","title":{"rendered":"NOMEADA A NOVA DIRETORA DA DIREC-14"},"content":{"rendered":"<p><a href=\"http:\/\/www.sudoestehoje.com.br\/novoportal\/wp-content\/uploads\/2013\/07\/suzane.jpg\"><img decoding=\"async\" class=\" wp-image-28678 alignleft\" alt=\"suzane\" src=\"http:\/\/www.sudoestehoje.com.br\/novoportal\/wp-content\/uploads\/2013\/07\/suzane-333x500.jpg\" width=\"200\" srcset=\"https:\/\/www.sudoestehoje.com.br\/novoportal\/wp-content\/uploads\/2013\/07\/suzane-333x500.jpg 333w, https:\/\/www.sudoestehoje.com.br\/novoportal\/wp-content\/uploads\/2013\/07\/suzane-466x700.jpg 466w, https:\/\/www.sudoestehoje.com.br\/novoportal\/wp-content\/uploads\/2013\/07\/suzane.jpg 640w\" sizes=\"(max-width: 333px) 100vw, 333px\" \/><\/a><\/p>\n<p>A edi\u00e7\u00e3o desta sexta-feira (19) do Di\u00e1rio Oficial do Estado da Bahia, trouxe a publica\u00e7\u00e3o dos decretos de exonera\u00e7\u00e3o da diretora da DIREC-14, Sibele Shirley Nery e de nomea\u00e7\u00e3o da sua substituta no cargo, Suzane Martins Ferreira, que assumir\u00e1 o posto nos pr\u00f3ximos dias.<\/p>\n<p>A sa\u00edda de Sibele Nery da Direc-14 j\u00e1 havia sido anunciada desde o m\u00eas de maio, \u00a0para que ela pudesse assumir a titularidade da pasta da Educa\u00e7\u00e3o do munic\u00edpio, em substitui\u00e7\u00e3o \u00e0 ex-secret\u00e1ria Eliene Chaves, que deixou o cargo em meio a um esc\u00e2ndalo envolvendo den\u00fancias de nepotismo e outras irregularidades.<\/p>\n<p>A nomea\u00e7\u00e3o de Suzane para a Direc-14 e a ida de Sibele para Secretaria Municipal de Educa\u00e7\u00e3o, \u00e9 o golpe de miseric\u00f3rdia que faltava nas pretens\u00f5es da &#8216;torcida organizada&#8217; do vice-prefeito Al\u00e9cio Chaves, que ainda sonhava com o seu retorno \u00e0 Secretaria Municipal de Educa\u00e7\u00e3o, cargo do qual se afastou, em abril de 2012, para disputar a candidatura a vice prefeito.<\/p>\n<p>O curr\u00edculo de Susane Martins Ferreira, ainda n\u00e3o foi divulgado.<\/p>\n<p><strong><em>Por Davi Ferraz<\/em><\/strong><\/p>\n","protected":false},"excerpt":{"rendered":"<p>A edi\u00e7\u00e3o desta sexta-feira (19) do Di\u00e1rio Oficial do Estado da Bahia, trouxe a publica\u00e7\u00e3o dos decretos de exonera\u00e7\u00e3o da diretora da DIREC-14, Sibele Shirley Nery e de nomea\u00e7\u00e3o da sua substituta no cargo, Suzane Martins Ferreira, que assumir\u00e1 o posto nos pr\u00f3ximos dias. A sa\u00edda de Sibele Nery da Direc-14 j\u00e1 havia sido anunciada [&hellip;]<\/p>\n","protected":false},"author":2,"featured_media":0,"comment_status":"open","ping_status":"open","sticky":false,"template":"","format":"standard","meta":{"footnotes":"","_links_to":"","_links_to_target":""},"categories":[1],"tags":[],"class_list":["post-28677","post","type-post","status-publish","format-standard","hentry","category-geral"],"views":2142,"_links":{"self":[{"href":"https:\/\/www.sudoestehoje.com.br\/novoportal\/wp-json\/wp\/v2\/posts\/28677","targetHints":{"allow":["GET"]}}],"collection":[{"href":"https:\/\/www.sudoestehoje.com.br\/novoportal\/wp-json\/wp\/v2\/posts"}],"about":[{"href":"https:\/\/www.sudoestehoje.com.br\/novoportal\/wp-json\/wp\/v2\/types\/post"}],"author":[{"embeddable":true,"href":"https:\/\/www.sudoestehoje.com.br\/novoportal\/wp-json\/wp\/v2\/users\/2"}],"replies":[{"embeddable":true,"href":"https:\/\/www.sudoestehoje.com.br\/novoportal\/wp-json\/wp\/v2\/comments?post=28677"}],"version-history":[{"count":5,"href":"https:\/\/www.sudoestehoje.com.br\/novoportal\/wp-json\/wp\/v2\/posts\/28677\/revisions"}],"predecessor-version":[{"id":28681,"href":"https:\/\/www.sudoestehoje.com.br\/novoportal\/wp-json\/wp\/v2\/posts\/28677\/revisions\/28681"}],"wp:attachment":[{"href":"https:\/\/www.sudoestehoje.com.br\/novoportal\/wp-json\/wp\/v2\/media?parent=28677"}],"wp:term":[{"taxonomy":"category","embeddable":true,"href":"https:\/\/www.sudoestehoje.com.br\/novoportal\/wp-json\/wp\/v2\/categories?post=28677"},{"taxonomy":"post_tag","embeddable":true,"href":"https:\/\/www.sudoestehoje.com.br\/novoportal\/wp-json\/wp\/v2\/tags?post=28677"}],"curies":[{"name":"wp","href":"https:\/\/api.w.org\/{rel}","templated":true}]}}