
{"id":2863,"date":"2011-01-03T21:55:07","date_gmt":"2011-01-04T00:55:07","guid":{"rendered":"http:\/\/www.sudoestehoje.com.br\/novoportal\/?p=2863"},"modified":"2011-01-03T22:36:43","modified_gmt":"2011-01-04T01:36:43","slug":"felix","status":"publish","type":"post","link":"https:\/\/www.sudoestehoje.com.br\/novoportal\/2011\/01\/03\/felix\/","title":{"rendered":"FELIX"},"content":{"rendered":"<p><a href=\"http:\/\/www.sudoestehoje.com.br\/novoportal\/wp-content\/uploads\/2011\/01\/100_4159.jpg\"><img loading=\"lazy\" decoding=\"async\" class=\"alignleft size-thumbnail wp-image-2864\" title=\"100_4159\" src=\"http:\/\/www.sudoestehoje.com.br\/novoportal\/wp-content\/uploads\/2011\/01\/100_4159-150x150.jpg\" alt=\"\" width=\"150\" height=\"150\" \/><\/a><\/p>\n<p>A trag\u00e9dia pessoal do escultor S\u00e3o F\u00e9lix, comove e assusta. Comove-me tomar conhecimento que um \u201cvelhinho\u201d de oitenta anos, que deveria estar gozando justa aposentadoria, tenha recebido espancamento b\u00e1rbaro, por parte de dois bandidos que adentraram em sua resid\u00eancia. Hipot\u00e9tico assalto ou suposta vingan\u00e7a, n\u00e3o justifica viol\u00eancia t\u00e3o grande.<\/p>\n<p>O que motiva um jovem, praticar contra um indiv\u00edduo indefeso, perversidade t\u00e3o grande? A impunidade. A quase certeza de que n\u00e3o ser\u00e1 punido. Assusta-me o fato de que um reles bandido possa vir a ser, senhor da vida e da morte. A pol\u00edcia militar na preven\u00e7\u00e3o e a pol\u00edcia civil na investiga\u00e7\u00e3o, n\u00e3o conseguem inibir, reprimir, impossibilitar, a criminalidade.<\/p>\n<p>O governo precisa eleger a seguran\u00e7a do p\u00fablico como prioridade de governo. Estamos vivendo em cidades sitiadas por criminosos. A criminalidade aumenta quando o deliquente tem a sensa\u00e7\u00e3o de que dif\u00edcilmente o \u201cbra\u00e7o\u201d da lei conseguir\u00e1 lhe alcan\u00e7ar, para infringir-lhe o justo castigo.<\/p>\n<p>Por: <strong>JOS\u00c9 ELIAS RIBEIRO<br \/>\n<\/strong><\/p>\n","protected":false},"excerpt":{"rendered":"<p>A trag\u00e9dia pessoal do escultor S\u00e3o F\u00e9lix, comove e assusta. Comove-me tomar conhecimento que um \u201cvelhinho\u201d de oitenta anos, que deveria estar gozando justa aposentadoria, tenha recebido espancamento b\u00e1rbaro, por parte de dois bandidos que adentraram em sua resid\u00eancia. Hipot\u00e9tico assalto ou suposta vingan\u00e7a, n\u00e3o justifica viol\u00eancia t\u00e3o grande. O que motiva um jovem, praticar [&hellip;]<\/p>\n","protected":false},"author":2,"featured_media":0,"comment_status":"open","ping_status":"open","sticky":false,"template":"","format":"standard","meta":{"footnotes":"","_links_to":"","_links_to_target":""},"categories":[1],"tags":[],"class_list":["post-2863","post","type-post","status-publish","format-standard","hentry","category-geral"],"views":1368,"_links":{"self":[{"href":"https:\/\/www.sudoestehoje.com.br\/novoportal\/wp-json\/wp\/v2\/posts\/2863","targetHints":{"allow":["GET"]}}],"collection":[{"href":"https:\/\/www.sudoestehoje.com.br\/novoportal\/wp-json\/wp\/v2\/posts"}],"about":[{"href":"https:\/\/www.sudoestehoje.com.br\/novoportal\/wp-json\/wp\/v2\/types\/post"}],"author":[{"embeddable":true,"href":"https:\/\/www.sudoestehoje.com.br\/novoportal\/wp-json\/wp\/v2\/users\/2"}],"replies":[{"embeddable":true,"href":"https:\/\/www.sudoestehoje.com.br\/novoportal\/wp-json\/wp\/v2\/comments?post=2863"}],"version-history":[{"count":5,"href":"https:\/\/www.sudoestehoje.com.br\/novoportal\/wp-json\/wp\/v2\/posts\/2863\/revisions"}],"predecessor-version":[{"id":2867,"href":"https:\/\/www.sudoestehoje.com.br\/novoportal\/wp-json\/wp\/v2\/posts\/2863\/revisions\/2867"}],"wp:attachment":[{"href":"https:\/\/www.sudoestehoje.com.br\/novoportal\/wp-json\/wp\/v2\/media?parent=2863"}],"wp:term":[{"taxonomy":"category","embeddable":true,"href":"https:\/\/www.sudoestehoje.com.br\/novoportal\/wp-json\/wp\/v2\/categories?post=2863"},{"taxonomy":"post_tag","embeddable":true,"href":"https:\/\/www.sudoestehoje.com.br\/novoportal\/wp-json\/wp\/v2\/tags?post=2863"}],"curies":[{"name":"wp","href":"https:\/\/api.w.org\/{rel}","templated":true}]}}