
{"id":28498,"date":"2013-07-16T02:40:09","date_gmt":"2013-07-16T05:40:09","guid":{"rendered":"http:\/\/www.sudoestehoje.com.br\/novoportal\/?p=28498"},"modified":"2013-07-16T02:40:09","modified_gmt":"2013-07-16T05:40:09","slug":"wagner-percebe-mau-momento-do-pt-e-ja-cogita-lancar-otto","status":"publish","type":"post","link":"https:\/\/www.sudoestehoje.com.br\/novoportal\/2013\/07\/16\/wagner-percebe-mau-momento-do-pt-e-ja-cogita-lancar-otto\/","title":{"rendered":"WAGNER PERCEBE MAU MOMENTO DO PT E J\u00c1 COGITA LAN\u00c7AR OTTO"},"content":{"rendered":"<p><a href=\"http:\/\/www.sudoestehoje.com.br\/novoportal\/wp-content\/uploads\/2013\/07\/si1UcMn.jpg\"><img loading=\"lazy\" decoding=\"async\" class=\"aligncenter size-medium wp-image-28499\" alt=\"si1UcMn\" src=\"http:\/\/www.sudoestehoje.com.br\/novoportal\/wp-content\/uploads\/2013\/07\/si1UcMn-500x178.jpg\" width=\"500\" height=\"178\" srcset=\"https:\/\/www.sudoestehoje.com.br\/novoportal\/wp-content\/uploads\/2013\/07\/si1UcMn-500x178.jpg 500w, https:\/\/www.sudoestehoje.com.br\/novoportal\/wp-content\/uploads\/2013\/07\/si1UcMn-700x249.jpg 700w, https:\/\/www.sudoestehoje.com.br\/novoportal\/wp-content\/uploads\/2013\/07\/si1UcMn.jpg 1000w\" sizes=\"auto, (max-width: 500px) 100vw, 500px\" \/><\/a><\/p>\n<p style=\"text-align: center;\"><em>A ordem no Pal\u00e1cio de Ondina \u00e9 n\u00e3o falar em crise no governo, mas Jaques Wagner est\u00e1 preocupado com o decl\u00ednio da avalia\u00e7\u00e3o de sua gest\u00e3o e teme os efeitos das manifesta\u00e7\u00f5es populares que tomaram as ruas.<\/em><\/p>\n<p>Aos poucos vai enfraquecendo o sentimento de favoritismo do PT para a sucess\u00e3o do governador no ano que vem e cresce a expectativa de que Wagner aceite outro partido encabe\u00e7ando a chapa majorit\u00e1ria e o favorito \u00e9 o atual vice-governador Otto Alencar (PSD). Embalado pela articula\u00e7\u00e3o pol\u00edtica em praticamente todos os polos pol\u00edticos do Estado, Otto conta com a sabedoria de um ex-carlista que hoje \u00e9 aliado de primeira hora do PT e ainda com a press\u00e3o do presidente nacional do PSD, Gilberto Kassab, que condicionou apoio \u00e0 presidente Dilma \u00e0 \u201creciprocidade\u201d do PT em cinco estados, entre eles a Bahia.<!--more--><\/p>\n<p>Deputado federal da base com bom tr\u00e2nsito no governo Wagner confidenciou ao Bahia 247 que o petista \u201cest\u00e1 amadurecendo\u201d chapa composta com Otto na cabe\u00e7a, o deputado Jo\u00e3o Le\u00e3o, do PP, como vice e a vaga para o Senado iria para o pr\u00f3prio governador. A fonte afirma que entre os petistas, o entendimento \u00e9 de que o senador Walter Pinheiro (PT) seria o candidato com maior potencial de votos, mas que Otto Alencar seria mais forte por agregar ainda a articula\u00e7\u00e3o pol\u00edtica e \u201cfaze as coisa do jeito que Wagner gosta\u201d.<\/p>\n<p>O deputado diz ainda que outro ponto que Wagner pondera \u00e9 o de deixar o governo para ser candidato ao Senado e \u201cas coisas desandarem na reta final\u201d. No in\u00edcio das conversas para 2014, o pr\u00f3prio governador apontava como estrat\u00e9gia se candidatar a uma cadeira na C\u00e2mara \u2018puxar votos\u2019 para o candidato \u00e0 sua sucess\u00e3o. Disso, afirma a fonte, \u201cWagner j\u00e1 desistiu\u201d. De certo, por ora, \u00e9 que Jaques Wagner \u00e9 c\u00f4nscio da realidade e busca medidas r\u00e1pidas para reverter a queda de seu governo. J\u00e1 anunciou enxugamento da m\u00e1quina e est\u00e1 se reunindo com a sociedade, nos seus diversos segmentos. Semana passada houve reuni\u00e3o com sindicalistas e nesta semana o petista conversa com l\u00edderes religiosos.<\/p>\n","protected":false},"excerpt":{"rendered":"<p>A ordem no Pal\u00e1cio de Ondina \u00e9 n\u00e3o falar em crise no governo, mas Jaques Wagner est\u00e1 preocupado com o decl\u00ednio da avalia\u00e7\u00e3o de sua gest\u00e3o e teme os efeitos das manifesta\u00e7\u00f5es populares que tomaram as ruas. Aos poucos vai enfraquecendo o sentimento de favoritismo do PT para a sucess\u00e3o do governador no ano que [&hellip;]<\/p>\n","protected":false},"author":2,"featured_media":0,"comment_status":"open","ping_status":"open","sticky":false,"template":"","format":"standard","meta":{"footnotes":"","_links_to":"","_links_to_target":""},"categories":[1],"tags":[],"class_list":["post-28498","post","type-post","status-publish","format-standard","hentry","category-geral"],"views":1183,"_links":{"self":[{"href":"https:\/\/www.sudoestehoje.com.br\/novoportal\/wp-json\/wp\/v2\/posts\/28498","targetHints":{"allow":["GET"]}}],"collection":[{"href":"https:\/\/www.sudoestehoje.com.br\/novoportal\/wp-json\/wp\/v2\/posts"}],"about":[{"href":"https:\/\/www.sudoestehoje.com.br\/novoportal\/wp-json\/wp\/v2\/types\/post"}],"author":[{"embeddable":true,"href":"https:\/\/www.sudoestehoje.com.br\/novoportal\/wp-json\/wp\/v2\/users\/2"}],"replies":[{"embeddable":true,"href":"https:\/\/www.sudoestehoje.com.br\/novoportal\/wp-json\/wp\/v2\/comments?post=28498"}],"version-history":[{"count":6,"href":"https:\/\/www.sudoestehoje.com.br\/novoportal\/wp-json\/wp\/v2\/posts\/28498\/revisions"}],"predecessor-version":[{"id":28505,"href":"https:\/\/www.sudoestehoje.com.br\/novoportal\/wp-json\/wp\/v2\/posts\/28498\/revisions\/28505"}],"wp:attachment":[{"href":"https:\/\/www.sudoestehoje.com.br\/novoportal\/wp-json\/wp\/v2\/media?parent=28498"}],"wp:term":[{"taxonomy":"category","embeddable":true,"href":"https:\/\/www.sudoestehoje.com.br\/novoportal\/wp-json\/wp\/v2\/categories?post=28498"},{"taxonomy":"post_tag","embeddable":true,"href":"https:\/\/www.sudoestehoje.com.br\/novoportal\/wp-json\/wp\/v2\/tags?post=28498"}],"curies":[{"name":"wp","href":"https:\/\/api.w.org\/{rel}","templated":true}]}}