
{"id":284,"date":"2010-08-24T00:19:08","date_gmt":"2010-08-24T03:19:08","guid":{"rendered":"http:\/\/sudoestehoje.tempsite.ws\/novoportal\/?p=284"},"modified":"2010-09-18T14:21:51","modified_gmt":"2010-09-18T17:21:51","slug":"paulo-souto-sente-orgulho-ao-ver-seu-nome-associado-a-acm","status":"publish","type":"post","link":"https:\/\/www.sudoestehoje.com.br\/novoportal\/2010\/08\/24\/paulo-souto-sente-orgulho-ao-ver-seu-nome-associado-a-acm\/","title":{"rendered":"PAULO SOUTO SENTE ORGULHO AO VER SEU NOME ASSOCIADO A ACM"},"content":{"rendered":"<div>\n<p style=\"text-align: center;\"><img loading=\"lazy\" decoding=\"async\" class=\"aligncenter\" src=\"http:\/\/www.bahianoticias.com.br\/fotos\/editor\/Image\/souto_suburbio.jpg\" border=\"0\" alt=\"\" width=\"350\" height=\"292\" \/><\/p>\n<p>O  Sub\u00farbio de Salvador tamb\u00e9m foi o local escolhido por Paulo Souto (DEM)  para fazer campanha neste domingo. Enquanto Jaques Wagner (PT) fez uma  carreata, o democrata gastou a sola do sapato em uma caminhada pela  manh\u00e3, no bairro de Dom Avelar e em Plataforma.\u00a0 A receptividade da  popula\u00e7\u00e3o, segundo a assessoria do candidato ao Governo, foi de  carlistas que votavam nos postulantes apoiados pelo senador Ant\u00f4nio  Carlos. \u201cEm mem\u00f3ria de ACM, eu voto em Paulo Souto\u201d, afirmou a dona de  casa Joselina Chagas. \u201cO Cabe\u00e7a Branca foi embora, mas deixou Paulo  Souto pra cuidar da gente\u201d, disse a senhora Avandi Rego Vital, moradora  da Estrada do Cabrito, em Plataforma. Souto comemora a associa\u00e7\u00e3o.  \u201cAntonio Carlos foi um pol\u00edtico que sempre lutou pela Bahia. \u00c9 um  exemplo para mim\u201d, disse o postulante, que entrou na pol\u00edtica pelas m\u00e3os  de ACM.<\/p>\n<\/div>\n","protected":false},"excerpt":{"rendered":"<p>O Sub\u00farbio de Salvador tamb\u00e9m foi o local escolhido por Paulo Souto (DEM) para fazer campanha neste domingo. Enquanto Jaques Wagner (PT) fez uma carreata, o democrata gastou a sola do sapato em uma caminhada pela manh\u00e3, no bairro de Dom Avelar e em Plataforma.\u00a0 A receptividade da popula\u00e7\u00e3o, segundo a assessoria do candidato ao [&hellip;]<\/p>\n","protected":false},"author":1,"featured_media":0,"comment_status":"open","ping_status":"open","sticky":false,"template":"","format":"standard","meta":{"footnotes":"","_links_to":"","_links_to_target":""},"categories":[1],"tags":[],"class_list":["post-284","post","type-post","status-publish","format-standard","hentry","category-geral"],"views":1348,"_links":{"self":[{"href":"https:\/\/www.sudoestehoje.com.br\/novoportal\/wp-json\/wp\/v2\/posts\/284","targetHints":{"allow":["GET"]}}],"collection":[{"href":"https:\/\/www.sudoestehoje.com.br\/novoportal\/wp-json\/wp\/v2\/posts"}],"about":[{"href":"https:\/\/www.sudoestehoje.com.br\/novoportal\/wp-json\/wp\/v2\/types\/post"}],"author":[{"embeddable":true,"href":"https:\/\/www.sudoestehoje.com.br\/novoportal\/wp-json\/wp\/v2\/users\/1"}],"replies":[{"embeddable":true,"href":"https:\/\/www.sudoestehoje.com.br\/novoportal\/wp-json\/wp\/v2\/comments?post=284"}],"version-history":[{"count":1,"href":"https:\/\/www.sudoestehoje.com.br\/novoportal\/wp-json\/wp\/v2\/posts\/284\/revisions"}],"predecessor-version":[{"id":285,"href":"https:\/\/www.sudoestehoje.com.br\/novoportal\/wp-json\/wp\/v2\/posts\/284\/revisions\/285"}],"wp:attachment":[{"href":"https:\/\/www.sudoestehoje.com.br\/novoportal\/wp-json\/wp\/v2\/media?parent=284"}],"wp:term":[{"taxonomy":"category","embeddable":true,"href":"https:\/\/www.sudoestehoje.com.br\/novoportal\/wp-json\/wp\/v2\/categories?post=284"},{"taxonomy":"post_tag","embeddable":true,"href":"https:\/\/www.sudoestehoje.com.br\/novoportal\/wp-json\/wp\/v2\/tags?post=284"}],"curies":[{"name":"wp","href":"https:\/\/api.w.org\/{rel}","templated":true}]}}