
{"id":28397,"date":"2013-07-12T20:07:23","date_gmt":"2013-07-12T23:07:23","guid":{"rendered":"http:\/\/www.sudoestehoje.com.br\/novoportal\/?p=28397"},"modified":"2013-07-12T20:07:23","modified_gmt":"2013-07-12T23:07:23","slug":"itororo-ex-prefeito-edineu-se-recupera-bem-o-deve-receber-alta","status":"publish","type":"post","link":"https:\/\/www.sudoestehoje.com.br\/novoportal\/2013\/07\/12\/itororo-ex-prefeito-edineu-se-recupera-bem-o-deve-receber-alta\/","title":{"rendered":"ITOROR\u00d3: EX-PREFEITO EDINEU SE RECUPERA BEM O DEVE RECEBER ALTA"},"content":{"rendered":"<p><a href=\"http:\/\/www.sudoestehoje.com.br\/novoportal\/wp-content\/uploads\/2013\/07\/edineu.jpg\"><img decoding=\"async\" class=\" wp-image-28398 alignleft\" alt=\"edineu\" src=\"http:\/\/www.sudoestehoje.com.br\/novoportal\/wp-content\/uploads\/2013\/07\/edineu-375x500.jpg\" width=\"175\" srcset=\"https:\/\/www.sudoestehoje.com.br\/novoportal\/wp-content\/uploads\/2013\/07\/edineu-375x500.jpg 375w, https:\/\/www.sudoestehoje.com.br\/novoportal\/wp-content\/uploads\/2013\/07\/edineu-525x700.jpg 525w, https:\/\/www.sudoestehoje.com.br\/novoportal\/wp-content\/uploads\/2013\/07\/edineu.jpg 720w\" sizes=\"(max-width: 375px) 100vw, 375px\" \/><\/a><\/p>\n<p>O ex-prefeito de Itoror\u00f3, Edineu Oliveira, ainda continua internado no Hospital Santa Isabel, em Salvador, mas se recupera bem e aguarda alta m\u00e9dica.\u00a0No \u00faltimo dia 07 de maio Edineu Oliveira sofreu um Derrame Peric\u00e1rdico e foi hospitalizado, mas, voltou a apresentar problemas de sa\u00fade.\u00a0No dia 27 de junho, voltou a ser internado com suspeita de AVC, o que foi confirmando atrav\u00e9s de uma tomografia.<\/p>\n<p>O ex-gestor segue internado na UTI do Santa Isabel, realizando exames e tratamento, mas j\u00e1 foi liberado por parte da equipe agoara aguarda a libera\u00e7\u00e3o do especialista em hematologia, para que possa receber alta e retornar para Itoror\u00f3.\u00a0Informa\u00e7\u00f5es do Itoror\u00f3 J\u00e1<\/p>\n","protected":false},"excerpt":{"rendered":"<p>O ex-prefeito de Itoror\u00f3, Edineu Oliveira, ainda continua internado no Hospital Santa Isabel, em Salvador, mas se recupera bem e aguarda alta m\u00e9dica.\u00a0No \u00faltimo dia 07 de maio Edineu Oliveira sofreu um Derrame Peric\u00e1rdico e foi hospitalizado, mas, voltou a apresentar problemas de sa\u00fade.\u00a0No dia 27 de junho, voltou a ser internado com suspeita de [&hellip;]<\/p>\n","protected":false},"author":2,"featured_media":0,"comment_status":"open","ping_status":"open","sticky":false,"template":"","format":"standard","meta":{"footnotes":"","_links_to":"","_links_to_target":""},"categories":[1],"tags":[],"class_list":["post-28397","post","type-post","status-publish","format-standard","hentry","category-geral"],"views":3425,"_links":{"self":[{"href":"https:\/\/www.sudoestehoje.com.br\/novoportal\/wp-json\/wp\/v2\/posts\/28397","targetHints":{"allow":["GET"]}}],"collection":[{"href":"https:\/\/www.sudoestehoje.com.br\/novoportal\/wp-json\/wp\/v2\/posts"}],"about":[{"href":"https:\/\/www.sudoestehoje.com.br\/novoportal\/wp-json\/wp\/v2\/types\/post"}],"author":[{"embeddable":true,"href":"https:\/\/www.sudoestehoje.com.br\/novoportal\/wp-json\/wp\/v2\/users\/2"}],"replies":[{"embeddable":true,"href":"https:\/\/www.sudoestehoje.com.br\/novoportal\/wp-json\/wp\/v2\/comments?post=28397"}],"version-history":[{"count":3,"href":"https:\/\/www.sudoestehoje.com.br\/novoportal\/wp-json\/wp\/v2\/posts\/28397\/revisions"}],"predecessor-version":[{"id":28401,"href":"https:\/\/www.sudoestehoje.com.br\/novoportal\/wp-json\/wp\/v2\/posts\/28397\/revisions\/28401"}],"wp:attachment":[{"href":"https:\/\/www.sudoestehoje.com.br\/novoportal\/wp-json\/wp\/v2\/media?parent=28397"}],"wp:term":[{"taxonomy":"category","embeddable":true,"href":"https:\/\/www.sudoestehoje.com.br\/novoportal\/wp-json\/wp\/v2\/categories?post=28397"},{"taxonomy":"post_tag","embeddable":true,"href":"https:\/\/www.sudoestehoje.com.br\/novoportal\/wp-json\/wp\/v2\/tags?post=28397"}],"curies":[{"name":"wp","href":"https:\/\/api.w.org\/{rel}","templated":true}]}}