
{"id":28374,"date":"2013-07-12T11:37:31","date_gmt":"2013-07-12T14:37:31","guid":{"rendered":"http:\/\/www.sudoestehoje.com.br\/novoportal\/?p=28374"},"modified":"2013-07-12T14:18:43","modified_gmt":"2013-07-12T17:18:43","slug":"no-dia-da-mobilizacao-movimentos-e-sindicalistas-foram-as-ruas","status":"publish","type":"post","link":"https:\/\/www.sudoestehoje.com.br\/novoportal\/2013\/07\/12\/no-dia-da-mobilizacao-movimentos-e-sindicalistas-foram-as-ruas\/","title":{"rendered":"NO DIA DA MOBILIZA\u00c7\u00c3O, MOVIMENTOS E SINDICALISTAS FORAM \u00c0S RUAS"},"content":{"rendered":"<p><a href=\"http:\/\/www.sudoestehoje.com.br\/novoportal\/wp-content\/uploads\/2013\/07\/108_8580.jpg\"><img loading=\"lazy\" decoding=\"async\" class=\"aligncenter size-medium wp-image-28375\" alt=\"108_8580\" src=\"http:\/\/www.sudoestehoje.com.br\/novoportal\/wp-content\/uploads\/2013\/07\/108_8580-500x333.jpg\" width=\"500\" height=\"333\" srcset=\"https:\/\/www.sudoestehoje.com.br\/novoportal\/wp-content\/uploads\/2013\/07\/108_8580-500x333.jpg 500w, https:\/\/www.sudoestehoje.com.br\/novoportal\/wp-content\/uploads\/2013\/07\/108_8580-700x466.jpg 700w, https:\/\/www.sudoestehoje.com.br\/novoportal\/wp-content\/uploads\/2013\/07\/108_8580.jpg 1800w\" sizes=\"auto, (max-width: 500px) 100vw, 500px\" \/><\/a><\/p>\n<p>&nbsp;<\/p>\n<p>ITAPETINGA: Nesta quinta-feira (11),\u00a0dia de paralisa\u00e7\u00e3o nacional, in\u00fameras lideran\u00e7as sindicais de Itapetinga e regi\u00e3o, pol\u00edticos e representantes do movimento \u2018Itapetinga em \u00a0A\u00e7\u00e3o\u2019, foram \u00e0s ruas para protestarem sobre os mais diversos temas e reivindicarem melhores condi\u00e7\u00f5es de trabalho e sal\u00e1rios dignos para as classes que representam<\/p>\n<p>APLB, Sindicarne, Sindicato de Verdade, ADUSB, Sindileite e If Baiano, realizaram uma manifesta\u00e7\u00e3o e ato p\u00fablico no centro da cidade, com a finalidade de \u00a0pressionar os governos municipal, estadual e federal, sobre os graves problemas enfrentados pela popula\u00e7\u00e3o e classes trabalhadoras.<\/p>\n<p>O movimento realizou atos de protesto nas ruas e em frente \u00e0 prefeitura, finalizando na C\u00e2mara Municipal, onde houve manifesta\u00e7\u00e3o durante a sess\u00e3o legislativa.<\/p>\n<p>Confira as fotos do ato na Pra\u00e7a Augusto de Carvalho:<!--more--><\/p>\n<p><a href=\"http:\/\/www.sudoestehoje.com.br\/novoportal\/wp-content\/uploads\/2013\/07\/108_8584.jpg\"><img loading=\"lazy\" decoding=\"async\" class=\"aligncenter size-medium wp-image-28376\" alt=\"108_8584\" src=\"http:\/\/www.sudoestehoje.com.br\/novoportal\/wp-content\/uploads\/2013\/07\/108_8584-500x333.jpg\" width=\"500\" height=\"333\" srcset=\"https:\/\/www.sudoestehoje.com.br\/novoportal\/wp-content\/uploads\/2013\/07\/108_8584-500x333.jpg 500w, https:\/\/www.sudoestehoje.com.br\/novoportal\/wp-content\/uploads\/2013\/07\/108_8584-700x466.jpg 700w, https:\/\/www.sudoestehoje.com.br\/novoportal\/wp-content\/uploads\/2013\/07\/108_8584.jpg 1800w\" sizes=\"auto, (max-width: 500px) 100vw, 500px\" \/><\/a><\/p>\n<p><a href=\"http:\/\/www.sudoestehoje.com.br\/novoportal\/wp-content\/uploads\/2013\/07\/108_8577.jpg\"><img loading=\"lazy\" decoding=\"async\" class=\"aligncenter size-medium wp-image-28377\" alt=\"108_8577\" src=\"http:\/\/www.sudoestehoje.com.br\/novoportal\/wp-content\/uploads\/2013\/07\/108_8577-500x333.jpg\" width=\"500\" height=\"333\" srcset=\"https:\/\/www.sudoestehoje.com.br\/novoportal\/wp-content\/uploads\/2013\/07\/108_8577-500x333.jpg 500w, https:\/\/www.sudoestehoje.com.br\/novoportal\/wp-content\/uploads\/2013\/07\/108_8577-700x466.jpg 700w, https:\/\/www.sudoestehoje.com.br\/novoportal\/wp-content\/uploads\/2013\/07\/108_8577.jpg 1800w\" sizes=\"auto, (max-width: 500px) 100vw, 500px\" \/><\/a><\/p>\n<p><a href=\"http:\/\/www.sudoestehoje.com.br\/novoportal\/wp-content\/uploads\/2013\/07\/108_8558.jpg\"><img loading=\"lazy\" decoding=\"async\" class=\"aligncenter size-medium wp-image-28378\" alt=\"108_8558\" src=\"http:\/\/www.sudoestehoje.com.br\/novoportal\/wp-content\/uploads\/2013\/07\/108_8558-500x333.jpg\" width=\"500\" height=\"333\" srcset=\"https:\/\/www.sudoestehoje.com.br\/novoportal\/wp-content\/uploads\/2013\/07\/108_8558-500x333.jpg 500w, https:\/\/www.sudoestehoje.com.br\/novoportal\/wp-content\/uploads\/2013\/07\/108_8558-700x466.jpg 700w, https:\/\/www.sudoestehoje.com.br\/novoportal\/wp-content\/uploads\/2013\/07\/108_8558.jpg 1800w\" sizes=\"auto, (max-width: 500px) 100vw, 500px\" \/><\/a><\/p>\n<p><a href=\"http:\/\/www.sudoestehoje.com.br\/novoportal\/wp-content\/uploads\/2013\/07\/108_8560.jpg\"><img loading=\"lazy\" decoding=\"async\" class=\"aligncenter size-medium wp-image-28379\" alt=\"108_8560\" src=\"http:\/\/www.sudoestehoje.com.br\/novoportal\/wp-content\/uploads\/2013\/07\/108_8560-500x333.jpg\" width=\"500\" height=\"333\" srcset=\"https:\/\/www.sudoestehoje.com.br\/novoportal\/wp-content\/uploads\/2013\/07\/108_8560-500x333.jpg 500w, https:\/\/www.sudoestehoje.com.br\/novoportal\/wp-content\/uploads\/2013\/07\/108_8560-700x466.jpg 700w, https:\/\/www.sudoestehoje.com.br\/novoportal\/wp-content\/uploads\/2013\/07\/108_8560.jpg 1800w\" sizes=\"auto, (max-width: 500px) 100vw, 500px\" \/><\/a><\/p>\n<p><strong><em>\u00a0Por Davi Ferraz <\/em><\/strong><\/p>\n<p><em>(Fotos Sudoeste Hoje)<\/em><\/p>\n","protected":false},"excerpt":{"rendered":"<p>&nbsp; ITAPETINGA: Nesta quinta-feira (11),\u00a0dia de paralisa\u00e7\u00e3o nacional, in\u00fameras lideran\u00e7as sindicais de Itapetinga e regi\u00e3o, pol\u00edticos e representantes do movimento \u2018Itapetinga em \u00a0A\u00e7\u00e3o\u2019, foram \u00e0s ruas para protestarem sobre os mais diversos temas e reivindicarem melhores condi\u00e7\u00f5es de trabalho e sal\u00e1rios dignos para as classes que representam APLB, Sindicarne, Sindicato de Verdade, ADUSB, Sindileite e [&hellip;]<\/p>\n","protected":false},"author":2,"featured_media":0,"comment_status":"open","ping_status":"open","sticky":false,"template":"","format":"standard","meta":{"footnotes":"","_links_to":"","_links_to_target":""},"categories":[1],"tags":[],"class_list":["post-28374","post","type-post","status-publish","format-standard","hentry","category-geral"],"views":1364,"_links":{"self":[{"href":"https:\/\/www.sudoestehoje.com.br\/novoportal\/wp-json\/wp\/v2\/posts\/28374","targetHints":{"allow":["GET"]}}],"collection":[{"href":"https:\/\/www.sudoestehoje.com.br\/novoportal\/wp-json\/wp\/v2\/posts"}],"about":[{"href":"https:\/\/www.sudoestehoje.com.br\/novoportal\/wp-json\/wp\/v2\/types\/post"}],"author":[{"embeddable":true,"href":"https:\/\/www.sudoestehoje.com.br\/novoportal\/wp-json\/wp\/v2\/users\/2"}],"replies":[{"embeddable":true,"href":"https:\/\/www.sudoestehoje.com.br\/novoportal\/wp-json\/wp\/v2\/comments?post=28374"}],"version-history":[{"count":8,"href":"https:\/\/www.sudoestehoje.com.br\/novoportal\/wp-json\/wp\/v2\/posts\/28374\/revisions"}],"predecessor-version":[{"id":28384,"href":"https:\/\/www.sudoestehoje.com.br\/novoportal\/wp-json\/wp\/v2\/posts\/28374\/revisions\/28384"}],"wp:attachment":[{"href":"https:\/\/www.sudoestehoje.com.br\/novoportal\/wp-json\/wp\/v2\/media?parent=28374"}],"wp:term":[{"taxonomy":"category","embeddable":true,"href":"https:\/\/www.sudoestehoje.com.br\/novoportal\/wp-json\/wp\/v2\/categories?post=28374"},{"taxonomy":"post_tag","embeddable":true,"href":"https:\/\/www.sudoestehoje.com.br\/novoportal\/wp-json\/wp\/v2\/tags?post=28374"}],"curies":[{"name":"wp","href":"https:\/\/api.w.org\/{rel}","templated":true}]}}