
{"id":2821,"date":"2010-12-30T11:50:21","date_gmt":"2010-12-30T14:50:21","guid":{"rendered":"http:\/\/www.sudoestehoje.com.br\/novoportal\/?p=2821"},"modified":"2010-12-30T11:51:12","modified_gmt":"2010-12-30T14:51:12","slug":"2821","status":"publish","type":"post","link":"https:\/\/www.sudoestehoje.com.br\/novoportal\/2010\/12\/30\/2821\/","title":{"rendered":"BANCOS N\u00c3O FUNCIONAM NESTA SEXTA"},"content":{"rendered":"<p style=\"text-align: center;\"><strong><img decoding=\"async\" src=\"http:\/\/www.robsonpiresxerife.com\/blog\/wp-content\/uploads\/2010\/12\/fila-de-banco-1.jpg\" alt=\"\" \/><\/strong><\/p>\n<p style=\"text-align: center;\"><strong>Bancos s\u00f3 reabrem na segunda, dia 03 de janeiro<\/strong><\/p>\n<p>\u00a0<\/p>\n<p>Em todo o pa\u00eds de acordo com o Banco Central, as ag\u00eancias banc\u00e1rias n\u00e3o v\u00e3o funcionar nesta sexta-feira (31), \u00faltimo dia \u00fatil do ano. As contas de consumo (\u00e1gua, luz, telefone) e os carn\u00eas com vencimento no dia 31 de dezembro, poder\u00e3o ser quitados no dia 3 de janeiro de 2011,\u00a0sem multas ou juros de mora,\u00a0quando as ag\u00eancias banc\u00e1rias voltam a funcionar normalmente.<\/p>\n","protected":false},"excerpt":{"rendered":"<p>Bancos s\u00f3 reabrem na segunda, dia 03 de janeiro \u00a0 Em todo o pa\u00eds de acordo com o Banco Central, as ag\u00eancias banc\u00e1rias n\u00e3o v\u00e3o funcionar nesta sexta-feira (31), \u00faltimo dia \u00fatil do ano. As contas de consumo (\u00e1gua, luz, telefone) e os carn\u00eas com vencimento no dia 31 de dezembro, poder\u00e3o ser quitados no [&hellip;]<\/p>\n","protected":false},"author":2,"featured_media":0,"comment_status":"open","ping_status":"open","sticky":false,"template":"","format":"standard","meta":{"footnotes":"","_links_to":"","_links_to_target":""},"categories":[1],"tags":[],"class_list":["post-2821","post","type-post","status-publish","format-standard","hentry","category-geral"],"views":1566,"_links":{"self":[{"href":"https:\/\/www.sudoestehoje.com.br\/novoportal\/wp-json\/wp\/v2\/posts\/2821","targetHints":{"allow":["GET"]}}],"collection":[{"href":"https:\/\/www.sudoestehoje.com.br\/novoportal\/wp-json\/wp\/v2\/posts"}],"about":[{"href":"https:\/\/www.sudoestehoje.com.br\/novoportal\/wp-json\/wp\/v2\/types\/post"}],"author":[{"embeddable":true,"href":"https:\/\/www.sudoestehoje.com.br\/novoportal\/wp-json\/wp\/v2\/users\/2"}],"replies":[{"embeddable":true,"href":"https:\/\/www.sudoestehoje.com.br\/novoportal\/wp-json\/wp\/v2\/comments?post=2821"}],"version-history":[{"count":3,"href":"https:\/\/www.sudoestehoje.com.br\/novoportal\/wp-json\/wp\/v2\/posts\/2821\/revisions"}],"predecessor-version":[{"id":2824,"href":"https:\/\/www.sudoestehoje.com.br\/novoportal\/wp-json\/wp\/v2\/posts\/2821\/revisions\/2824"}],"wp:attachment":[{"href":"https:\/\/www.sudoestehoje.com.br\/novoportal\/wp-json\/wp\/v2\/media?parent=2821"}],"wp:term":[{"taxonomy":"category","embeddable":true,"href":"https:\/\/www.sudoestehoje.com.br\/novoportal\/wp-json\/wp\/v2\/categories?post=2821"},{"taxonomy":"post_tag","embeddable":true,"href":"https:\/\/www.sudoestehoje.com.br\/novoportal\/wp-json\/wp\/v2\/tags?post=2821"}],"curies":[{"name":"wp","href":"https:\/\/api.w.org\/{rel}","templated":true}]}}