
{"id":282,"date":"2010-08-24T00:20:10","date_gmt":"2010-08-24T03:20:10","guid":{"rendered":"http:\/\/sudoestehoje.tempsite.ws\/novoportal\/?p=282"},"modified":"2010-09-18T14:20:47","modified_gmt":"2010-09-18T17:20:47","slug":"lula-no-palanque-de-wagner-coloca-geddel-como-candidato-de-segunda-classe-dizem-petistas","status":"publish","type":"post","link":"https:\/\/www.sudoestehoje.com.br\/novoportal\/2010\/08\/24\/lula-no-palanque-de-wagner-coloca-geddel-como-candidato-de-segunda-classe-dizem-petistas\/","title":{"rendered":"LULA NO PALANQUE DE WAGNER COLOCA GEDDEL COMO CANDIDATO DE &#8216;SEGUNDA CLASSE&#8217;, DIZEM PETISTAS"},"content":{"rendered":"<div style=\"text-align: center;\"><img decoding=\"async\" src=\"http:\/\/4.bp.blogspot.com\/_SSjOK5jWtL0\/Shp7DtgJYQI\/AAAAAAAAF4Q\/sXHPvUUR_Fs\/s400\/lula+wagner.jpg\" border=\"0\" alt=\"\" \/><\/div>\n<div style=\"text-align: center;\">A estrat\u00e9gia de Wagner agora \u00e9 &#8216;isolar&#8217; Geddel<\/div>\n<p>O\u00a0comando  da campanha \u00e0 reelei\u00e7\u00e3o de Jaques Wagner (PT) acredita que a  participa\u00e7\u00e3o de Lula no com\u00edcio que ele promove nesta quinta-feira \u00e0  noite em Salvador vai definitivamente colocar o peemedebista Geddel  Vieira Lima, que divide com o governador a condi\u00e7\u00e3o de aliado do  presidente na Bahia, na situa\u00e7\u00e3o de \u201ccandidato segunda classe\u201d do  governismo no Estado.<\/p>\n<p>A estrat\u00e9gia para fortalecer  a id\u00e9ia de que Wagner \u00e9 o \u00fanico candidato de Lula na Bahia, deixando  Geddel de \u201cescanteio\u201d, como assinala uma fonte ligada ao governador, j\u00e1  havia sido iniciada pelos petistas com o depoimento exclusivo de apoio  do presidente \u00e0 reelei\u00e7\u00e3o do governador no primeiro programa do hor\u00e1rio  eleitoral do candidato, na semana passada.<\/p>\n","protected":false},"excerpt":{"rendered":"<p>A estrat\u00e9gia de Wagner agora \u00e9 &#8216;isolar&#8217; Geddel O\u00a0comando da campanha \u00e0 reelei\u00e7\u00e3o de Jaques Wagner (PT) acredita que a participa\u00e7\u00e3o de Lula no com\u00edcio que ele promove nesta quinta-feira \u00e0 noite em Salvador vai definitivamente colocar o peemedebista Geddel Vieira Lima, que divide com o governador a condi\u00e7\u00e3o de aliado do presidente na Bahia, [&hellip;]<\/p>\n","protected":false},"author":1,"featured_media":0,"comment_status":"open","ping_status":"open","sticky":false,"template":"","format":"standard","meta":{"footnotes":"","_links_to":"","_links_to_target":""},"categories":[1],"tags":[],"class_list":["post-282","post","type-post","status-publish","format-standard","hentry","category-geral"],"views":1258,"_links":{"self":[{"href":"https:\/\/www.sudoestehoje.com.br\/novoportal\/wp-json\/wp\/v2\/posts\/282","targetHints":{"allow":["GET"]}}],"collection":[{"href":"https:\/\/www.sudoestehoje.com.br\/novoportal\/wp-json\/wp\/v2\/posts"}],"about":[{"href":"https:\/\/www.sudoestehoje.com.br\/novoportal\/wp-json\/wp\/v2\/types\/post"}],"author":[{"embeddable":true,"href":"https:\/\/www.sudoestehoje.com.br\/novoportal\/wp-json\/wp\/v2\/users\/1"}],"replies":[{"embeddable":true,"href":"https:\/\/www.sudoestehoje.com.br\/novoportal\/wp-json\/wp\/v2\/comments?post=282"}],"version-history":[{"count":1,"href":"https:\/\/www.sudoestehoje.com.br\/novoportal\/wp-json\/wp\/v2\/posts\/282\/revisions"}],"predecessor-version":[{"id":283,"href":"https:\/\/www.sudoestehoje.com.br\/novoportal\/wp-json\/wp\/v2\/posts\/282\/revisions\/283"}],"wp:attachment":[{"href":"https:\/\/www.sudoestehoje.com.br\/novoportal\/wp-json\/wp\/v2\/media?parent=282"}],"wp:term":[{"taxonomy":"category","embeddable":true,"href":"https:\/\/www.sudoestehoje.com.br\/novoportal\/wp-json\/wp\/v2\/categories?post=282"},{"taxonomy":"post_tag","embeddable":true,"href":"https:\/\/www.sudoestehoje.com.br\/novoportal\/wp-json\/wp\/v2\/tags?post=282"}],"curies":[{"name":"wp","href":"https:\/\/api.w.org\/{rel}","templated":true}]}}