
{"id":28145,"date":"2013-07-04T23:28:18","date_gmt":"2013-07-05T02:28:18","guid":{"rendered":"http:\/\/www.sudoestehoje.com.br\/novoportal\/?p=28145"},"modified":"2013-07-04T23:33:31","modified_gmt":"2013-07-05T02:33:31","slug":"itapetinga-vereadores-vao-a-sessao-e-encontram-camara-fechada","status":"publish","type":"post","link":"https:\/\/www.sudoestehoje.com.br\/novoportal\/2013\/07\/04\/itapetinga-vereadores-vao-a-sessao-e-encontram-camara-fechada\/","title":{"rendered":"ITAPETINGA: VEREADORES V\u00c3O \u00c0 SESS\u00c3O E ENCONTRAM C\u00c2MARA FECHADA"},"content":{"rendered":"<p><a href=\"http:\/\/www.sudoestehoje.com.br\/novoportal\/wp-content\/uploads\/2013\/07\/GEDC0002.jpg\"><img loading=\"lazy\" decoding=\"async\" class=\"aligncenter size-medium wp-image-28147\" alt=\"GEDSC DIGITAL CAMERA\" src=\"http:\/\/www.sudoestehoje.com.br\/novoportal\/wp-content\/uploads\/2013\/07\/GEDC0002-500x281.jpg\" width=\"500\" height=\"281\" srcset=\"https:\/\/www.sudoestehoje.com.br\/novoportal\/wp-content\/uploads\/2013\/07\/GEDC0002-500x281.jpg 500w, https:\/\/www.sudoestehoje.com.br\/novoportal\/wp-content\/uploads\/2013\/07\/GEDC0002-700x393.jpg 700w, https:\/\/www.sudoestehoje.com.br\/novoportal\/wp-content\/uploads\/2013\/07\/GEDC0002.jpg 1920w\" sizes=\"auto, (max-width: 500px) 100vw, 500px\" \/><\/a><\/p>\n<p style=\"text-align: center;\"><em>Vereadores encontraram c\u00e2mara fechada em dia de sess\u00e3o<\/em><\/p>\n<p>&nbsp;<\/p>\n<p>Um grupo de oito vereadores de Itapetinga compareceu \u00e0 C\u00e2mara de Vereadores para participarem da sess\u00e3o ordin\u00e1ria, na noite desta quinta-feira, e ficaram \u00a0surpresos ao encontrarem as portas do legislativo totalmente fechadas. Segundo os vereadores Alfredo Cabral e Naara Duarte, a n\u00e3o realiza\u00e7\u00e3o da sess\u00e3o desta quinta-feira foi uma manobra da presidente do legislativo, N\u00eddia Oliveira, que, sob ordem do executivo, vem realizando manobras para n\u00e3o colocar em vota\u00e7\u00e3o o veto do prefeito ao projeto do &#8216;Ficha-Limpa&#8217;, aprovado por unanimidade.<\/p>\n<p><a href=\"http:\/\/www.sudoestehoje.com.br\/novoportal\/wp-content\/uploads\/2013\/07\/GEDC0008.jpg\"><img loading=\"lazy\" decoding=\"async\" class=\"aligncenter size-medium wp-image-28148\" alt=\"GEDSC DIGITAL CAMERA\" src=\"http:\/\/www.sudoestehoje.com.br\/novoportal\/wp-content\/uploads\/2013\/07\/GEDC0008-500x281.jpg\" width=\"500\" height=\"281\" srcset=\"https:\/\/www.sudoestehoje.com.br\/novoportal\/wp-content\/uploads\/2013\/07\/GEDC0008-500x281.jpg 500w, https:\/\/www.sudoestehoje.com.br\/novoportal\/wp-content\/uploads\/2013\/07\/GEDC0008-700x393.jpg 700w, https:\/\/www.sudoestehoje.com.br\/novoportal\/wp-content\/uploads\/2013\/07\/GEDC0008.jpg 1920w\" sizes=\"auto, (max-width: 500px) 100vw, 500px\" \/><\/a><\/p>\n<p>Al\u00e9m de Alfredo Cabral e Naara Duarte, compareceram tamb\u00e9m os vereadores Jo\u00e3o de Deus, Renan Gusm\u00e3o, Valquir\u00e3o, \u00a0Amaral Junior, Tarug\u00e3o e Fabiano Bahia, que demonstraram indigna\u00e7\u00e3o diante da manobra ilegal da presid\u00eancia da casa, que fechou as portas do legislativo e dispensou todos os funcion\u00e1rios, sem pr\u00e9vio aviso, para n\u00e3o realizar a sess\u00e3o. At\u00e9 o vigia noturno do pr\u00e9dio da c\u00e2mara foi dispensado.<\/p>\n<p>Durante o per\u00edodo em que os oito vereadores permaneceram na porta da C\u00e2mara, um grupo de manifestantes se deslocou para o local, gritando palavras de ordem e protestando contra a atitude da presid\u00eancia da c\u00e2mara.\u00a0<a href=\"http:\/\/www.sudoestehoje.com.br\/novoportal\/wp-content\/uploads\/2013\/07\/GEDC0008.jpg\"><br \/>\n<\/a><\/p>\n<p><a href=\"http:\/\/www.sudoestehoje.com.br\/novoportal\/wp-content\/uploads\/2013\/07\/GEDC0016.jpg\"><img loading=\"lazy\" decoding=\"async\" class=\"aligncenter size-medium wp-image-28149\" alt=\"GEDSC DIGITAL CAMERA\" src=\"http:\/\/www.sudoestehoje.com.br\/novoportal\/wp-content\/uploads\/2013\/07\/GEDC0016-500x281.jpg\" width=\"500\" height=\"281\" srcset=\"https:\/\/www.sudoestehoje.com.br\/novoportal\/wp-content\/uploads\/2013\/07\/GEDC0016-500x281.jpg 500w, https:\/\/www.sudoestehoje.com.br\/novoportal\/wp-content\/uploads\/2013\/07\/GEDC0016-700x393.jpg 700w, https:\/\/www.sudoestehoje.com.br\/novoportal\/wp-content\/uploads\/2013\/07\/GEDC0016.jpg 1920w\" sizes=\"auto, (max-width: 500px) 100vw, 500px\" \/><\/a><\/p>\n<p>Em contato com a nossa reda\u00e7\u00e3o, durante a solenidade de transfer\u00eancia do HCR \u00e0 Funda\u00e7\u00e3o Jos\u00e9 Silveira, a presidente Nidia Oliveira declarou que n\u00e3o iria realizar a sess\u00e3o em fun\u00e7\u00e3o da pr\u00f3pria solenidade, que poderia atrasar e inviabilizar a presen\u00e7a dos vereadores. A solenidade no HCR encerrou por volta da 19h, uma hora antes do hor\u00e1rio previsto para o in\u00edcio da sess\u00e3o na c\u00e2mara.<\/p>\n<p><strong><em>Por Davi Ferraz<\/em><\/strong><\/p>\n","protected":false},"excerpt":{"rendered":"<p>Vereadores encontraram c\u00e2mara fechada em dia de sess\u00e3o &nbsp; Um grupo de oito vereadores de Itapetinga compareceu \u00e0 C\u00e2mara de Vereadores para participarem da sess\u00e3o ordin\u00e1ria, na noite desta quinta-feira, e ficaram \u00a0surpresos ao encontrarem as portas do legislativo totalmente fechadas. Segundo os vereadores Alfredo Cabral e Naara Duarte, a n\u00e3o realiza\u00e7\u00e3o da sess\u00e3o desta [&hellip;]<\/p>\n","protected":false},"author":2,"featured_media":0,"comment_status":"open","ping_status":"open","sticky":false,"template":"","format":"standard","meta":{"footnotes":"","_links_to":"","_links_to_target":""},"categories":[1],"tags":[],"class_list":["post-28145","post","type-post","status-publish","format-standard","hentry","category-geral"],"views":1968,"_links":{"self":[{"href":"https:\/\/www.sudoestehoje.com.br\/novoportal\/wp-json\/wp\/v2\/posts\/28145","targetHints":{"allow":["GET"]}}],"collection":[{"href":"https:\/\/www.sudoestehoje.com.br\/novoportal\/wp-json\/wp\/v2\/posts"}],"about":[{"href":"https:\/\/www.sudoestehoje.com.br\/novoportal\/wp-json\/wp\/v2\/types\/post"}],"author":[{"embeddable":true,"href":"https:\/\/www.sudoestehoje.com.br\/novoportal\/wp-json\/wp\/v2\/users\/2"}],"replies":[{"embeddable":true,"href":"https:\/\/www.sudoestehoje.com.br\/novoportal\/wp-json\/wp\/v2\/comments?post=28145"}],"version-history":[{"count":5,"href":"https:\/\/www.sudoestehoje.com.br\/novoportal\/wp-json\/wp\/v2\/posts\/28145\/revisions"}],"predecessor-version":[{"id":28152,"href":"https:\/\/www.sudoestehoje.com.br\/novoportal\/wp-json\/wp\/v2\/posts\/28145\/revisions\/28152"}],"wp:attachment":[{"href":"https:\/\/www.sudoestehoje.com.br\/novoportal\/wp-json\/wp\/v2\/media?parent=28145"}],"wp:term":[{"taxonomy":"category","embeddable":true,"href":"https:\/\/www.sudoestehoje.com.br\/novoportal\/wp-json\/wp\/v2\/categories?post=28145"},{"taxonomy":"post_tag","embeddable":true,"href":"https:\/\/www.sudoestehoje.com.br\/novoportal\/wp-json\/wp\/v2\/tags?post=28145"}],"curies":[{"name":"wp","href":"https:\/\/api.w.org\/{rel}","templated":true}]}}