
{"id":28134,"date":"2013-07-04T16:46:22","date_gmt":"2013-07-04T19:46:22","guid":{"rendered":"http:\/\/www.sudoestehoje.com.br\/novoportal\/?p=28134"},"modified":"2013-07-04T16:46:22","modified_gmt":"2013-07-04T19:46:22","slug":"plebiscito-de-dilma-gorou","status":"publish","type":"post","link":"https:\/\/www.sudoestehoje.com.br\/novoportal\/2013\/07\/04\/plebiscito-de-dilma-gorou\/","title":{"rendered":"PLEBISCITO DE DILMA GOROU"},"content":{"rendered":"<p><a href=\"http:\/\/www.sudoestehoje.com.br\/novoportal\/wp-content\/uploads\/2013\/07\/dilma-michel.jpg\"><img loading=\"lazy\" decoding=\"async\" class=\"aligncenter size-medium wp-image-28135\" alt=\"dilma-michel\" src=\"http:\/\/www.sudoestehoje.com.br\/novoportal\/wp-content\/uploads\/2013\/07\/dilma-michel-500x281.jpg\" width=\"500\" height=\"281\" srcset=\"https:\/\/www.sudoestehoje.com.br\/novoportal\/wp-content\/uploads\/2013\/07\/dilma-michel-500x281.jpg 500w, https:\/\/www.sudoestehoje.com.br\/novoportal\/wp-content\/uploads\/2013\/07\/dilma-michel.jpg 597w\" sizes=\"auto, (max-width: 500px) 100vw, 500px\" \/><br \/>\n<\/a><\/p>\n<p>&nbsp;<\/p>\n<p>Sem conseguir apoio dos partidos que sustentam seu governo no Congresso Nacional, o Pal\u00e1cio do Planalto jogou a toalha e desistiu da proposta de realizar um plebiscito para promover a reforma pol\u00edtica no pa\u00eds \u00e0s pressas, visando as elei\u00e7\u00f5es de 2014. Nesta quinta-feira, dez dias depois de a presidente Dilma Rousseff sugerir a realiza\u00e7\u00e3o do plebiscito em resposta \u00e0 onda de manifesta\u00e7\u00f5es que tomou as ruas, o vice-presidente, Michel Temer, admitiu que a proposta \u00e9 invi\u00e1vel.<\/p>\n<p>A partir de agora, segundo Temer, o governo tentar\u00e1 armar um plebiscito simult\u00e2neo ao segundo turno das elei\u00e7\u00f5es do ano que vem &#8211; eventuais mudan\u00e7as implementadas s\u00f3 valeriam a partir do pleito municipal de 2016. Na pr\u00e1tica, por\u00e9m, o discurso de insistir na ideia \u00e9 uma tentativa de minimizar a humilha\u00e7\u00e3o imposta ao governo Dilma Rousseff desde que a proposta do plebiscito foi sacada da manga. Desde ent\u00e3o, cresceu no Congresso a avalia\u00e7\u00e3o de que a presidente tentou transferir parte da press\u00e3o que assombra seu governo para os deputados e senadores. Mais: que a manobra oportunista acorbertava os interesses do PT para as elei\u00e7\u00f5es de 2014.<\/p>\n<p>Pelos planos do governo, o plebiscito deveria ocorrer em setembro, antes das elei\u00e7\u00f5es de outubro. Ou seja, apesar da tentativa de dar um verniz democr\u00e1tico, a proposta tinha o objetivo claro de beneficiar o PT, interessado em aprovar o financiamento p\u00fablicio de campanhas. O motivo: se aprovado, o modelo destinaria os recursos conforme a vota\u00e7\u00e3o na elei\u00e7\u00e3o anterior, ou seja, a maior fatia ficaria justamente com o PT.<\/p>\n<p><em>Veja on Line<\/em><\/p>\n","protected":false},"excerpt":{"rendered":"<p>&nbsp; Sem conseguir apoio dos partidos que sustentam seu governo no Congresso Nacional, o Pal\u00e1cio do Planalto jogou a toalha e desistiu da proposta de realizar um plebiscito para promover a reforma pol\u00edtica no pa\u00eds \u00e0s pressas, visando as elei\u00e7\u00f5es de 2014. Nesta quinta-feira, dez dias depois de a presidente Dilma Rousseff sugerir a realiza\u00e7\u00e3o [&hellip;]<\/p>\n","protected":false},"author":2,"featured_media":0,"comment_status":"open","ping_status":"open","sticky":false,"template":"","format":"standard","meta":{"footnotes":"","_links_to":"","_links_to_target":""},"categories":[1],"tags":[],"class_list":["post-28134","post","type-post","status-publish","format-standard","hentry","category-geral"],"views":1136,"_links":{"self":[{"href":"https:\/\/www.sudoestehoje.com.br\/novoportal\/wp-json\/wp\/v2\/posts\/28134","targetHints":{"allow":["GET"]}}],"collection":[{"href":"https:\/\/www.sudoestehoje.com.br\/novoportal\/wp-json\/wp\/v2\/posts"}],"about":[{"href":"https:\/\/www.sudoestehoje.com.br\/novoportal\/wp-json\/wp\/v2\/types\/post"}],"author":[{"embeddable":true,"href":"https:\/\/www.sudoestehoje.com.br\/novoportal\/wp-json\/wp\/v2\/users\/2"}],"replies":[{"embeddable":true,"href":"https:\/\/www.sudoestehoje.com.br\/novoportal\/wp-json\/wp\/v2\/comments?post=28134"}],"version-history":[{"count":3,"href":"https:\/\/www.sudoestehoje.com.br\/novoportal\/wp-json\/wp\/v2\/posts\/28134\/revisions"}],"predecessor-version":[{"id":28138,"href":"https:\/\/www.sudoestehoje.com.br\/novoportal\/wp-json\/wp\/v2\/posts\/28134\/revisions\/28138"}],"wp:attachment":[{"href":"https:\/\/www.sudoestehoje.com.br\/novoportal\/wp-json\/wp\/v2\/media?parent=28134"}],"wp:term":[{"taxonomy":"category","embeddable":true,"href":"https:\/\/www.sudoestehoje.com.br\/novoportal\/wp-json\/wp\/v2\/categories?post=28134"},{"taxonomy":"post_tag","embeddable":true,"href":"https:\/\/www.sudoestehoje.com.br\/novoportal\/wp-json\/wp\/v2\/tags?post=28134"}],"curies":[{"name":"wp","href":"https:\/\/api.w.org\/{rel}","templated":true}]}}