
{"id":28078,"date":"2013-07-03T01:38:46","date_gmt":"2013-07-03T04:38:46","guid":{"rendered":"http:\/\/www.sudoestehoje.com.br\/novoportal\/?p=28078"},"modified":"2013-07-03T01:38:55","modified_gmt":"2013-07-03T04:38:55","slug":"por-que-ze-carlos-nao-faz-o-mesmo","status":"publish","type":"post","link":"https:\/\/www.sudoestehoje.com.br\/novoportal\/2013\/07\/03\/por-que-ze-carlos-nao-faz-o-mesmo\/","title":{"rendered":"POR QUE Z\u00c9 CARLOS N\u00c3O FAZ O MESMO?"},"content":{"rendered":"<p><a href=\"http:\/\/www.sudoestehoje.com.br\/novoportal\/wp-content\/uploads\/2013\/07\/DSC02905.jpg\"><img decoding=\"async\" class=\" wp-image-28079 alignleft\" alt=\"DSC02905\" src=\"http:\/\/www.sudoestehoje.com.br\/novoportal\/wp-content\/uploads\/2013\/07\/DSC02905.jpg\" width=\"230\" \/><\/a>O prefeito de Santo Ant\u00f4nio de Jesus, revogou na \u00faltima semana o decreto que reajustou a tarifa do transporte coletivo para R$ 2,20. Com essa decis\u00e3o, o valor da passagem volta a ser R$ 2. O prefeito Humberto Soares Leite (PDT) disse que a decis\u00e3o foi tomada como resposta ao anseio popular. \u201cO Brasil acordou e n\u00f3s tamb\u00e9m precisamos acordar e estamos acordados; a manifesta\u00e7\u00e3o da popula\u00e7\u00e3o \u00e9 uma \u2018festa da democracia\u2019, um s\u00edmbolo da democracia, um movimento bonito e leg\u00edtimo, por meio do qual a popula\u00e7\u00e3o vem reivindicar a redu\u00e7\u00e3o da tarifa de \u00f4nibus em todo o territ\u00f3rio nacional, mas que suscitou tamb\u00e9m a aten\u00e7\u00e3o para as necessidades do povo, por isso estamos solid\u00e1rios a tudo isso\u201d, disse Leite na \u00e9poca. A cidade foi a primeira da Bahia a baixar o pre\u00e7o da tarifa.<\/p>\n<p>Em Itapetinga, a tarifa de \u00f4nibus foi aumentada de R$ 1,75 para R$ 2,00, a partir de 24 de abril deste ano, numa negociata vergonhosa entre a empresa concession\u00e1ria, o prefeito Z\u00e9 Carlos e os vereadores Valdeir, Valquir\u00e3o e Jo\u00e3o Carlos, sem nenhuma consulta \u00e0s associa\u00e7\u00f5es de moradores, como determina a lei.<\/p>\n<p>O exemplo de Santo Ant\u00f4nio de Jesus poderia muito bem ser seguido pelo prefeito de Itapetinga, atendendo ao clamor das ruas. Ou ser\u00e1 que ele n\u00e3o tem peito para isto?<\/p>\n<p><strong><em>Por Davi Ferraz<\/em><\/strong><\/p>\n","protected":false},"excerpt":{"rendered":"<p>O prefeito de Santo Ant\u00f4nio de Jesus, revogou na \u00faltima semana o decreto que reajustou a tarifa do transporte coletivo para R$ 2,20. Com essa decis\u00e3o, o valor da passagem volta a ser R$ 2. O prefeito Humberto Soares Leite (PDT) disse que a decis\u00e3o foi tomada como resposta ao anseio popular. \u201cO Brasil acordou [&hellip;]<\/p>\n","protected":false},"author":2,"featured_media":0,"comment_status":"open","ping_status":"open","sticky":false,"template":"","format":"standard","meta":{"footnotes":"","_links_to":"","_links_to_target":""},"categories":[1],"tags":[],"class_list":["post-28078","post","type-post","status-publish","format-standard","hentry","category-geral"],"views":1424,"_links":{"self":[{"href":"https:\/\/www.sudoestehoje.com.br\/novoportal\/wp-json\/wp\/v2\/posts\/28078","targetHints":{"allow":["GET"]}}],"collection":[{"href":"https:\/\/www.sudoestehoje.com.br\/novoportal\/wp-json\/wp\/v2\/posts"}],"about":[{"href":"https:\/\/www.sudoestehoje.com.br\/novoportal\/wp-json\/wp\/v2\/types\/post"}],"author":[{"embeddable":true,"href":"https:\/\/www.sudoestehoje.com.br\/novoportal\/wp-json\/wp\/v2\/users\/2"}],"replies":[{"embeddable":true,"href":"https:\/\/www.sudoestehoje.com.br\/novoportal\/wp-json\/wp\/v2\/comments?post=28078"}],"version-history":[{"count":5,"href":"https:\/\/www.sudoestehoje.com.br\/novoportal\/wp-json\/wp\/v2\/posts\/28078\/revisions"}],"predecessor-version":[{"id":28084,"href":"https:\/\/www.sudoestehoje.com.br\/novoportal\/wp-json\/wp\/v2\/posts\/28078\/revisions\/28084"}],"wp:attachment":[{"href":"https:\/\/www.sudoestehoje.com.br\/novoportal\/wp-json\/wp\/v2\/media?parent=28078"}],"wp:term":[{"taxonomy":"category","embeddable":true,"href":"https:\/\/www.sudoestehoje.com.br\/novoportal\/wp-json\/wp\/v2\/categories?post=28078"},{"taxonomy":"post_tag","embeddable":true,"href":"https:\/\/www.sudoestehoje.com.br\/novoportal\/wp-json\/wp\/v2\/tags?post=28078"}],"curies":[{"name":"wp","href":"https:\/\/api.w.org\/{rel}","templated":true}]}}